{"id":947,"date":"2012-07-21T21:10:00","date_gmt":"2012-07-21T19:10:00","guid":{"rendered":"https:\/\/triathlon-vendee.com\/les-jeunes-montois-qualifis-pour-la-finale\/"},"modified":"2012-07-21T21:10:00","modified_gmt":"2012-07-21T19:10:00","slug":"les-jeunes-montois-qualifis-pour-la-finale","status":"publish","type":"post","link":"https:\/\/triathlon-vendee.com\/les-jeunes-montois-qualifis-pour-la-finale\/","title":{"rendered":"Les jeunes montois qualifi&#xE9;s pour la finale !"},"content":{"rendered":"<div class=\"ob-sections\">\n<div class=\"ob-section ob-section-html\">\n<p style=\"text-align: justify;\"> <span style=\"color: #3366ff;\"><img loading=\"lazy\" decoding=\"async\" src=\"http:\/\/img.over-blog.com\/300x225\/0\/29\/97\/54\/0_1.jpg\" alt=\"0 1\" class=\"CtreTexte\" height=\"225\" width=\"300\">Les jeunes montois tiennent leur qualification pour la finale du Championnat de D3 \u00e0 Betton (35). 29 \u00e9quipes \u00e9taient engag\u00e9es dans cette demi-finale \u00ab\u00a0zone nord\u00a0\u00bb \u00e0 Angers. Seules les 10 premi\u00e8res se qualifiaient pour la finale. Les jeunes montois (2 cadets, 4 juniors et 1 s\u00e9nior) terminent 6\u00e8me gr\u00e0ce au beau tir group\u00e9 des 3 premiers:&nbsp;&nbsp;<strong>Pierre HAMARD BELY<\/strong> 21\u00e8me, <strong>Hugo DARRAGON<\/strong> 24\u00e8me et <strong>Benoit GOMEZ<\/strong> 27\u00e8me. Voir tous les <a href=\"http:\/\/www.ipitos.com\/images\/resultats\/pdf\/pdf_240_748.pdf\" target=\"_blank\" rel=\"noopener noreferrer\">r\u00e9sultats ici.<\/a>&nbsp;Bravo les jeunes. Rendez-vous en septembre en Bretagne !<\/span> <\/p>\n<p style=\"text-align: justify;\"> <span style=\"color: #3366ff;\">A Hambourg, les montois engag\u00e9s sur la Coupe du Monde n&rsquo;ont pas r\u00e9ellement brill\u00e9. L&rsquo;\u00e9preuve \u00e9tait organis\u00e9e, il est vrai, sur un format sprint 0,750 &#8211; 20 &#8211; 5)&nbsp;qui ne les avantage pas vraiment. La course Olympique de Londres se d\u00e9roulera sur un format \u00ab\u00a0courte distance\u00a0\u00bb (1,5 &#8211; 40 &#8211; 10). <strong>Alexander BRUKHANKOV<\/strong> termine 9\u00e8me avec le 3\u00e8me temps \u00e0 pied, <strong>Kris GEMMELL<\/strong> est 37\u00e8me, <strong>Ryan SISSONS<\/strong> 40\u00e8me et <strong>Gavin NOBLE<\/strong> 41\u00e8me. C&rsquo;est le sud-africain Richard MURRAY qui s&rsquo;impose. Voir les <a href=\"http:\/\/www.triathlon.org\/results\/results\/2012_itu_world_triathlon_hamburg\/7761\/\" target=\"_blank\" rel=\"noopener noreferrer\">r\u00e9sulats ici<\/a>. Place \u00e0 la r\u00e9cup &#8230; les JO arrivent !<\/span> <\/p>\n<p style=\"text-align: justify;\"> <span style=\"color: #3366ff;\">A Notre Dame de Monts, avait lieu la traditionnelle \u00ab\u00a0course \u00e0 la soupe de Poissons\u00a0\u00bb. On peut noter le top 20 de <strong>Denis CADIER<\/strong> et les 39&rsquo;15 du jeune cadet <strong>Louis GUERET<\/strong>. Bravo \u00e0 <strong>Geoffrey COUTURIER<\/strong> qui s&rsquo;impose en poussin. En benjamin, <strong>William JONAS<\/strong> monte sur la 3\u00e8me marche du podium et <strong>Di\u00e9go ROCKER<\/strong> termine juste derri\u00e8re. Tous les <a href=\"http:\/\/www.chronosmetron.com\/course.php?id_course=227\" target=\"_blank\" rel=\"noopener noreferrer\">r\u00e9sulats ici.<\/a> Voir les <a href=\"https:\/\/picasaweb.google.com\/111026117481255627477\/CourseDeLaSoupeDePoissonLe21072012?feat=email\" target=\"_blank\" rel=\"noopener noreferrer\">photos de Javote<\/a><\/span> <\/p>\n<\/div><\/div>\n","protected":false},"excerpt":{"rendered":"<p>Les jeunes montois tiennent leur qualification pour la finale du Championnat de D3 \u00e0 Betton (35). 29 \u00e9quipes \u00e9taient engag\u00e9es dans cette demi-finale \u00ab\u00a0zone nord\u00a0\u00bb \u00e0 Angers. Seules les 10 premi\u00e8res se qualifiaient pour la finale. Les jeunes montois (2 cadets, 4 juniors et 1 s\u00e9nior) terminent 6\u00e8me gr\u00e0ce au beau tir group\u00e9 des 3 [&hellip;]<\/p>\n","protected":false},"author":1,"featured_media":0,"comment_status":"open","ping_status":"open","sticky":false,"template":"","format":"standard","meta":{"_et_pb_use_builder":"","_et_pb_old_content":"","_et_gb_content_width":"","footnotes":""},"categories":[1],"tags":[],"class_list":["post-947","post","type-post","status-publish","format-standard","hentry","category-triathlon"],"yoast_head":"<!-- This site is optimized with the Yoast SEO plugin v26.7 - https:\/\/yoast.com\/wordpress\/plugins\/seo\/ -->\n<title>Les jeunes montois qualifi&#xE9;s pour la finale ! - Triathlon Saint Jean de Monts | Vend\u00e9e<\/title>\n<meta name=\"robots\" content=\"index, follow, max-snippet:-1, max-image-preview:large, max-video-preview:-1\" \/>\n<link rel=\"canonical\" href=\"https:\/\/triathlon-vendee.com\/les-jeunes-montois-qualifis-pour-la-finale\/\" \/>\n<meta property=\"og:locale\" content=\"fr_FR\" \/>\n<meta property=\"og:type\" content=\"article\" \/>\n<meta property=\"og:title\" content=\"Les jeunes montois qualifi&#xE9;s pour la finale ! - Triathlon Saint Jean de Monts | Vend\u00e9e\" \/>\n<meta property=\"og:description\" content=\"Les jeunes montois tiennent leur qualification pour la finale du Championnat de D3 \u00e0 Betton (35). 29 \u00e9quipes \u00e9taient engag\u00e9es dans cette demi-finale \u00ab\u00a0zone nord\u00a0\u00bb \u00e0 Angers. Seules les 10 premi\u00e8res se qualifiaient pour la finale. Les jeunes montois (2 cadets, 4 juniors et 1 s\u00e9nior) terminent 6\u00e8me gr\u00e0ce au beau tir group\u00e9 des 3 [&hellip;]\" \/>\n<meta property=\"og:url\" content=\"https:\/\/triathlon-vendee.com\/les-jeunes-montois-qualifis-pour-la-finale\/\" \/>\n<meta property=\"og:site_name\" content=\"Triathlon Saint Jean de Monts | Vend\u00e9e\" \/>\n<meta property=\"article:published_time\" content=\"2012-07-21T19:10:00+00:00\" \/>\n<meta property=\"og:image\" content=\"http:\/\/img.over-blog.com\/300x225\/0\/29\/97\/54\/0_1.jpg\" \/>\n<meta name=\"author\" content=\"admin-triathlon\" \/>\n<meta name=\"twitter:card\" content=\"summary_large_image\" \/>\n<meta name=\"twitter:label1\" content=\"\u00c9crit par\" \/>\n\t<meta name=\"twitter:data1\" content=\"admin-triathlon\" \/>\n\t<meta name=\"twitter:label2\" content=\"Dur\u00e9e de lecture estim\u00e9e\" \/>\n\t<meta name=\"twitter:data2\" content=\"1 minute\" \/>\n<script type=\"application\/ld+json\" class=\"yoast-schema-graph\">{\"@context\":\"https:\/\/schema.org\",\"@graph\":[{\"@type\":\"Article\",\"@id\":\"https:\/\/triathlon-vendee.com\/les-jeunes-montois-qualifis-pour-la-finale\/#article\",\"isPartOf\":{\"@id\":\"https:\/\/triathlon-vendee.com\/les-jeunes-montois-qualifis-pour-la-finale\/\"},\"author\":{\"name\":\"admin-triathlon\",\"@id\":\"https:\/\/triathlon-vendee.com\/#\/schema\/person\/c5a5e3f339b62db4c29bf6f5bbdf5ded\"},\"headline\":\"Les jeunes montois qualifi&#xE9;s pour la finale !\",\"datePublished\":\"2012-07-21T19:10:00+00:00\",\"mainEntityOfPage\":{\"@id\":\"https:\/\/triathlon-vendee.com\/les-jeunes-montois-qualifis-pour-la-finale\/\"},\"wordCount\":248,\"commentCount\":0,\"image\":{\"@id\":\"https:\/\/triathlon-vendee.com\/les-jeunes-montois-qualifis-pour-la-finale\/#primaryimage\"},\"thumbnailUrl\":\"http:\/\/img.over-blog.com\/300x225\/0\/29\/97\/54\/0_1.jpg\",\"articleSection\":[\"Triathlon\"],\"inLanguage\":\"fr-FR\",\"potentialAction\":[{\"@type\":\"CommentAction\",\"name\":\"Comment\",\"target\":[\"https:\/\/triathlon-vendee.com\/les-jeunes-montois-qualifis-pour-la-finale\/#respond\"]}]},{\"@type\":\"WebPage\",\"@id\":\"https:\/\/triathlon-vendee.com\/les-jeunes-montois-qualifis-pour-la-finale\/\",\"url\":\"https:\/\/triathlon-vendee.com\/les-jeunes-montois-qualifis-pour-la-finale\/\",\"name\":\"Les jeunes montois qualifi&#xE9;s pour la finale ! - Triathlon Saint Jean de Monts | Vend\u00e9e\",\"isPartOf\":{\"@id\":\"https:\/\/triathlon-vendee.com\/#website\"},\"primaryImageOfPage\":{\"@id\":\"https:\/\/triathlon-vendee.com\/les-jeunes-montois-qualifis-pour-la-finale\/#primaryimage\"},\"image\":{\"@id\":\"https:\/\/triathlon-vendee.com\/les-jeunes-montois-qualifis-pour-la-finale\/#primaryimage\"},\"thumbnailUrl\":\"http:\/\/img.over-blog.com\/300x225\/0\/29\/97\/54\/0_1.jpg\",\"datePublished\":\"2012-07-21T19:10:00+00:00\",\"author\":{\"@id\":\"https:\/\/triathlon-vendee.com\/#\/schema\/person\/c5a5e3f339b62db4c29bf6f5bbdf5ded\"},\"breadcrumb\":{\"@id\":\"https:\/\/triathlon-vendee.com\/les-jeunes-montois-qualifis-pour-la-finale\/#breadcrumb\"},\"inLanguage\":\"fr-FR\",\"potentialAction\":[{\"@type\":\"ReadAction\",\"target\":[\"https:\/\/triathlon-vendee.com\/les-jeunes-montois-qualifis-pour-la-finale\/\"]}]},{\"@type\":\"ImageObject\",\"inLanguage\":\"fr-FR\",\"@id\":\"https:\/\/triathlon-vendee.com\/les-jeunes-montois-qualifis-pour-la-finale\/#primaryimage\",\"url\":\"http:\/\/img.over-blog.com\/300x225\/0\/29\/97\/54\/0_1.jpg\",\"contentUrl\":\"http:\/\/img.over-blog.com\/300x225\/0\/29\/97\/54\/0_1.jpg\"},{\"@type\":\"BreadcrumbList\",\"@id\":\"https:\/\/triathlon-vendee.com\/les-jeunes-montois-qualifis-pour-la-finale\/#breadcrumb\",\"itemListElement\":[{\"@type\":\"ListItem\",\"position\":1,\"name\":\"Accueil\",\"item\":\"https:\/\/triathlon-vendee.com\/\"},{\"@type\":\"ListItem\",\"position\":2,\"name\":\"Triathlon\",\"item\":\"https:\/\/triathlon-vendee.com\/category\/triathlon\/\"},{\"@type\":\"ListItem\",\"position\":3,\"name\":\"Les jeunes montois qualifi&#xE9;s pour la finale !\"}]},{\"@type\":\"WebSite\",\"@id\":\"https:\/\/triathlon-vendee.com\/#website\",\"url\":\"https:\/\/triathlon-vendee.com\/\",\"name\":\"Triathlon Saint Jean de Monts | Vend\u00e9e\",\"description\":\"Club de Triathlon \u00e0 Saint Jean de Monts, en Vend\u00e9e\",\"potentialAction\":[{\"@type\":\"SearchAction\",\"target\":{\"@type\":\"EntryPoint\",\"urlTemplate\":\"https:\/\/triathlon-vendee.com\/?s={search_term_string}\"},\"query-input\":{\"@type\":\"PropertyValueSpecification\",\"valueRequired\":true,\"valueName\":\"search_term_string\"}}],\"inLanguage\":\"fr-FR\"},{\"@type\":\"Person\",\"@id\":\"https:\/\/triathlon-vendee.com\/#\/schema\/person\/c5a5e3f339b62db4c29bf6f5bbdf5ded\",\"name\":\"admin-triathlon\",\"image\":{\"@type\":\"ImageObject\",\"inLanguage\":\"fr-FR\",\"@id\":\"https:\/\/triathlon-vendee.com\/#\/schema\/person\/image\/\",\"url\":\"https:\/\/secure.gravatar.com\/avatar\/b7e7818f3bc4056d29730c8b49b56e37487cafa62e85d34ee719e66093981a2f?s=96&d=mm&r=g\",\"contentUrl\":\"https:\/\/secure.gravatar.com\/avatar\/b7e7818f3bc4056d29730c8b49b56e37487cafa62e85d34ee719e66093981a2f?s=96&d=mm&r=g\",\"caption\":\"admin-triathlon\"},\"url\":\"https:\/\/triathlon-vendee.com\/author\/admin-triathlon\/\"}]}<\/script>\n<!-- \/ Yoast SEO plugin. -->","yoast_head_json":{"title":"Les jeunes montois qualifi&#xE9;s pour la finale ! - Triathlon Saint Jean de Monts | Vend\u00e9e","robots":{"index":"index","follow":"follow","max-snippet":"max-snippet:-1","max-image-preview":"max-image-preview:large","max-video-preview":"max-video-preview:-1"},"canonical":"https:\/\/triathlon-vendee.com\/les-jeunes-montois-qualifis-pour-la-finale\/","og_locale":"fr_FR","og_type":"article","og_title":"Les jeunes montois qualifi&#xE9;s pour la finale ! - Triathlon Saint Jean de Monts | Vend\u00e9e","og_description":"Les jeunes montois tiennent leur qualification pour la finale du Championnat de D3 \u00e0 Betton (35). 29 \u00e9quipes \u00e9taient engag\u00e9es dans cette demi-finale \u00ab\u00a0zone nord\u00a0\u00bb \u00e0 Angers. Seules les 10 premi\u00e8res se qualifiaient pour la finale. Les jeunes montois (2 cadets, 4 juniors et 1 s\u00e9nior) terminent 6\u00e8me gr\u00e0ce au beau tir group\u00e9 des 3 [&hellip;]","og_url":"https:\/\/triathlon-vendee.com\/les-jeunes-montois-qualifis-pour-la-finale\/","og_site_name":"Triathlon Saint Jean de Monts | Vend\u00e9e","article_published_time":"2012-07-21T19:10:00+00:00","og_image":[{"url":"http:\/\/img.over-blog.com\/300x225\/0\/29\/97\/54\/0_1.jpg","type":"","width":"","height":""}],"author":"admin-triathlon","twitter_card":"summary_large_image","twitter_misc":{"\u00c9crit par":"admin-triathlon","Dur\u00e9e de lecture estim\u00e9e":"1 minute"},"schema":{"@context":"https:\/\/schema.org","@graph":[{"@type":"Article","@id":"https:\/\/triathlon-vendee.com\/les-jeunes-montois-qualifis-pour-la-finale\/#article","isPartOf":{"@id":"https:\/\/triathlon-vendee.com\/les-jeunes-montois-qualifis-pour-la-finale\/"},"author":{"name":"admin-triathlon","@id":"https:\/\/triathlon-vendee.com\/#\/schema\/person\/c5a5e3f339b62db4c29bf6f5bbdf5ded"},"headline":"Les jeunes montois qualifi&#xE9;s pour la finale !","datePublished":"2012-07-21T19:10:00+00:00","mainEntityOfPage":{"@id":"https:\/\/triathlon-vendee.com\/les-jeunes-montois-qualifis-pour-la-finale\/"},"wordCount":248,"commentCount":0,"image":{"@id":"https:\/\/triathlon-vendee.com\/les-jeunes-montois-qualifis-pour-la-finale\/#primaryimage"},"thumbnailUrl":"http:\/\/img.over-blog.com\/300x225\/0\/29\/97\/54\/0_1.jpg","articleSection":["Triathlon"],"inLanguage":"fr-FR","potentialAction":[{"@type":"CommentAction","name":"Comment","target":["https:\/\/triathlon-vendee.com\/les-jeunes-montois-qualifis-pour-la-finale\/#respond"]}]},{"@type":"WebPage","@id":"https:\/\/triathlon-vendee.com\/les-jeunes-montois-qualifis-pour-la-finale\/","url":"https:\/\/triathlon-vendee.com\/les-jeunes-montois-qualifis-pour-la-finale\/","name":"Les jeunes montois qualifi&#xE9;s pour la finale ! - Triathlon Saint Jean de Monts | Vend\u00e9e","isPartOf":{"@id":"https:\/\/triathlon-vendee.com\/#website"},"primaryImageOfPage":{"@id":"https:\/\/triathlon-vendee.com\/les-jeunes-montois-qualifis-pour-la-finale\/#primaryimage"},"image":{"@id":"https:\/\/triathlon-vendee.com\/les-jeunes-montois-qualifis-pour-la-finale\/#primaryimage"},"thumbnailUrl":"http:\/\/img.over-blog.com\/300x225\/0\/29\/97\/54\/0_1.jpg","datePublished":"2012-07-21T19:10:00+00:00","author":{"@id":"https:\/\/triathlon-vendee.com\/#\/schema\/person\/c5a5e3f339b62db4c29bf6f5bbdf5ded"},"breadcrumb":{"@id":"https:\/\/triathlon-vendee.com\/les-jeunes-montois-qualifis-pour-la-finale\/#breadcrumb"},"inLanguage":"fr-FR","potentialAction":[{"@type":"ReadAction","target":["https:\/\/triathlon-vendee.com\/les-jeunes-montois-qualifis-pour-la-finale\/"]}]},{"@type":"ImageObject","inLanguage":"fr-FR","@id":"https:\/\/triathlon-vendee.com\/les-jeunes-montois-qualifis-pour-la-finale\/#primaryimage","url":"http:\/\/img.over-blog.com\/300x225\/0\/29\/97\/54\/0_1.jpg","contentUrl":"http:\/\/img.over-blog.com\/300x225\/0\/29\/97\/54\/0_1.jpg"},{"@type":"BreadcrumbList","@id":"https:\/\/triathlon-vendee.com\/les-jeunes-montois-qualifis-pour-la-finale\/#breadcrumb","itemListElement":[{"@type":"ListItem","position":1,"name":"Accueil","item":"https:\/\/triathlon-vendee.com\/"},{"@type":"ListItem","position":2,"name":"Triathlon","item":"https:\/\/triathlon-vendee.com\/category\/triathlon\/"},{"@type":"ListItem","position":3,"name":"Les jeunes montois qualifi&#xE9;s pour la finale !"}]},{"@type":"WebSite","@id":"https:\/\/triathlon-vendee.com\/#website","url":"https:\/\/triathlon-vendee.com\/","name":"Triathlon Saint Jean de Monts | Vend\u00e9e","description":"Club de Triathlon \u00e0 Saint Jean de Monts, en Vend\u00e9e","potentialAction":[{"@type":"SearchAction","target":{"@type":"EntryPoint","urlTemplate":"https:\/\/triathlon-vendee.com\/?s={search_term_string}"},"query-input":{"@type":"PropertyValueSpecification","valueRequired":true,"valueName":"search_term_string"}}],"inLanguage":"fr-FR"},{"@type":"Person","@id":"https:\/\/triathlon-vendee.com\/#\/schema\/person\/c5a5e3f339b62db4c29bf6f5bbdf5ded","name":"admin-triathlon","image":{"@type":"ImageObject","inLanguage":"fr-FR","@id":"https:\/\/triathlon-vendee.com\/#\/schema\/person\/image\/","url":"https:\/\/secure.gravatar.com\/avatar\/b7e7818f3bc4056d29730c8b49b56e37487cafa62e85d34ee719e66093981a2f?s=96&d=mm&r=g","contentUrl":"https:\/\/secure.gravatar.com\/avatar\/b7e7818f3bc4056d29730c8b49b56e37487cafa62e85d34ee719e66093981a2f?s=96&d=mm&r=g","caption":"admin-triathlon"},"url":"https:\/\/triathlon-vendee.com\/author\/admin-triathlon\/"}]}},"_links":{"self":[{"href":"https:\/\/triathlon-vendee.com\/api\/wp\/v2\/posts\/947","targetHints":{"allow":["GET"]}}],"collection":[{"href":"https:\/\/triathlon-vendee.com\/api\/wp\/v2\/posts"}],"about":[{"href":"https:\/\/triathlon-vendee.com\/api\/wp\/v2\/types\/post"}],"author":[{"embeddable":true,"href":"https:\/\/triathlon-vendee.com\/api\/wp\/v2\/users\/1"}],"replies":[{"embeddable":true,"href":"https:\/\/triathlon-vendee.com\/api\/wp\/v2\/comments?post=947"}],"version-history":[{"count":0,"href":"https:\/\/triathlon-vendee.com\/api\/wp\/v2\/posts\/947\/revisions"}],"wp:attachment":[{"href":"https:\/\/triathlon-vendee.com\/api\/wp\/v2\/media?parent=947"}],"wp:term":[{"taxonomy":"category","embeddable":true,"href":"https:\/\/triathlon-vendee.com\/api\/wp\/v2\/categories?post=947"},{"taxonomy":"post_tag","embeddable":true,"href":"https:\/\/triathlon-vendee.com\/api\/wp\/v2\/tags?post=947"}],"curies":[{"name":"wp","href":"https:\/\/api.w.org\/{rel}","templated":true}]}}