{"id":619,"date":"2014-12-10T20:51:20","date_gmt":"2014-12-10T19:51:20","guid":{"rendered":"https:\/\/triathlon-vendee.com\/trail-des-pays-de-monts-cest-parti\/"},"modified":"2014-12-10T20:51:20","modified_gmt":"2014-12-10T19:51:20","slug":"trail-des-pays-de-monts-cest-parti","status":"publish","type":"post","link":"https:\/\/triathlon-vendee.com\/trail-des-pays-de-monts-cest-parti\/","title":{"rendered":"Trail des Pays de Monts: c&rsquo;est parti !"},"content":{"rendered":"<div class=\"ob-sections\">\n<div class=\"ob-section ob-section-text\">\n<div class=\"ob-text\">\n<p>L&#039;\u00e9dition 2015 se d\u00e9roulera le <strong>dimanche 15 f\u00e9vrier <\/strong>sur le site de l&#039;hippodrome de l&#039;atlantique. 4 courses au programme: le 23 km, le 10 km et les 2 trails kid&#039;s. L&#039;occasion de &quot;visiter&quot; les magnifiques parcours trac\u00e9s dans la for\u00eat des Pays de monts et sur le cordon dunaire.<\/p>\n<p>Les inscriptions sont <a href=\"http:\/\/www.njuko.net\/xtrail-stjeandemonts\" class=\"popup\">ouvertes ici <\/a>ou dans la rubrique d\u00e9di\u00e9e \u00e0 la manifestation. Vous y retrouverez \u00e9galement toutes les informations utiles ainsi que la vid\u00e9o de pr\u00e9sentation.<\/p>\n<p>Nous vous attendons tr\u00e8s nombreux comme tous les ans !<\/p>\n<\/p><\/div>\n<\/div>\n<div class=\"ob-section ob-section-images ob-default\">\n<div class=\"ob-row-1-col\"><a href=\"https:\/\/triathlon-vendee.com\/wp-content\/uploads\/2014\/12\/ob_f9a5af_image1.jpg\" class=\"ob-link-img\"><img decoding=\"async\" src=\"https:\/\/triathlon-vendee.com\/wp-content\/uploads\/2014\/12\/ob_f9a5af_image1.jpg\" alt=\"Trail&#x20;des&#x20;Pays&#x20;de&#x20;Monts&#x3A;&#x20;c&#x27;est&#x20;parti&#x20;&#x21;\" class=\"ob-cell ob-img ob-media\" \/><\/a><\/div>\n<\/div><\/div>\n","protected":false},"excerpt":{"rendered":"<p>L&#039;\u00e9dition 2015 se d\u00e9roulera le dimanche 15 f\u00e9vrier sur le site de l&#039;hippodrome de l&#039;atlantique. 4 courses au programme: le 23 km, le 10 km et les 2 trails kid&#039;s. L&#039;occasion de &quot;visiter&quot; les magnifiques parcours trac\u00e9s dans la for\u00eat des Pays de monts et sur le cordon dunaire. Les inscriptions sont ouvertes ici ou [&hellip;]<\/p>\n","protected":false},"author":1,"featured_media":0,"comment_status":"open","ping_status":"open","sticky":false,"template":"","format":"standard","meta":{"_et_pb_use_builder":"","_et_pb_old_content":"","_et_gb_content_width":"","footnotes":""},"categories":[1],"tags":[],"class_list":["post-619","post","type-post","status-publish","format-standard","hentry","category-triathlon"],"yoast_head":"<!-- This site is optimized with the Yoast SEO plugin v26.7 - https:\/\/yoast.com\/wordpress\/plugins\/seo\/ -->\n<title>Trail des Pays de Monts: c&#039;est parti ! - Triathlon Saint Jean de Monts | Vend\u00e9e<\/title>\n<meta name=\"robots\" content=\"index, follow, max-snippet:-1, max-image-preview:large, max-video-preview:-1\" \/>\n<link rel=\"canonical\" href=\"https:\/\/triathlon-vendee.com\/trail-des-pays-de-monts-cest-parti\/\" \/>\n<meta property=\"og:locale\" content=\"fr_FR\" \/>\n<meta property=\"og:type\" content=\"article\" \/>\n<meta property=\"og:title\" content=\"Trail des Pays de Monts: c&#039;est parti ! - Triathlon Saint Jean de Monts | Vend\u00e9e\" \/>\n<meta property=\"og:description\" content=\"L&#039;\u00e9dition 2015 se d\u00e9roulera le dimanche 15 f\u00e9vrier sur le site de l&#039;hippodrome de l&#039;atlantique. 4 courses au programme: le 23 km, le 10 km et les 2 trails kid&#039;s. L&#039;occasion de &quot;visiter&quot; les magnifiques parcours trac\u00e9s dans la for\u00eat des Pays de monts et sur le cordon dunaire. Les inscriptions sont ouvertes ici ou [&hellip;]\" \/>\n<meta property=\"og:url\" content=\"https:\/\/triathlon-vendee.com\/trail-des-pays-de-monts-cest-parti\/\" \/>\n<meta property=\"og:site_name\" content=\"Triathlon Saint Jean de Monts | Vend\u00e9e\" \/>\n<meta property=\"article:published_time\" content=\"2014-12-10T19:51:20+00:00\" \/>\n<meta property=\"og:image\" content=\"https:\/\/triathlon-vendee.com\/wp-content\/uploads\/2014\/12\/ob_f9a5af_image1.jpg\" \/>\n<meta name=\"author\" content=\"admin-triathlon\" \/>\n<meta name=\"twitter:card\" content=\"summary_large_image\" \/>\n<meta name=\"twitter:label1\" content=\"\u00c9crit par\" \/>\n\t<meta name=\"twitter:data1\" content=\"admin-triathlon\" \/>\n<script type=\"application\/ld+json\" class=\"yoast-schema-graph\">{\"@context\":\"https:\/\/schema.org\",\"@graph\":[{\"@type\":\"Article\",\"@id\":\"https:\/\/triathlon-vendee.com\/trail-des-pays-de-monts-cest-parti\/#article\",\"isPartOf\":{\"@id\":\"https:\/\/triathlon-vendee.com\/trail-des-pays-de-monts-cest-parti\/\"},\"author\":{\"name\":\"admin-triathlon\",\"@id\":\"https:\/\/triathlon-vendee.com\/#\/schema\/person\/c5a5e3f339b62db4c29bf6f5bbdf5ded\"},\"headline\":\"Trail des Pays de Monts: c&rsquo;est parti !\",\"datePublished\":\"2014-12-10T19:51:20+00:00\",\"mainEntityOfPage\":{\"@id\":\"https:\/\/triathlon-vendee.com\/trail-des-pays-de-monts-cest-parti\/\"},\"wordCount\":102,\"commentCount\":0,\"image\":{\"@id\":\"https:\/\/triathlon-vendee.com\/trail-des-pays-de-monts-cest-parti\/#primaryimage\"},\"thumbnailUrl\":\"https:\/\/triathlon-vendee.com\/wp-content\/uploads\/2014\/12\/ob_f9a5af_image1.jpg\",\"articleSection\":[\"Triathlon\"],\"inLanguage\":\"fr-FR\",\"potentialAction\":[{\"@type\":\"CommentAction\",\"name\":\"Comment\",\"target\":[\"https:\/\/triathlon-vendee.com\/trail-des-pays-de-monts-cest-parti\/#respond\"]}]},{\"@type\":\"WebPage\",\"@id\":\"https:\/\/triathlon-vendee.com\/trail-des-pays-de-monts-cest-parti\/\",\"url\":\"https:\/\/triathlon-vendee.com\/trail-des-pays-de-monts-cest-parti\/\",\"name\":\"Trail des Pays de Monts: c'est parti ! - Triathlon Saint Jean de Monts | Vend\u00e9e\",\"isPartOf\":{\"@id\":\"https:\/\/triathlon-vendee.com\/#website\"},\"primaryImageOfPage\":{\"@id\":\"https:\/\/triathlon-vendee.com\/trail-des-pays-de-monts-cest-parti\/#primaryimage\"},\"image\":{\"@id\":\"https:\/\/triathlon-vendee.com\/trail-des-pays-de-monts-cest-parti\/#primaryimage\"},\"thumbnailUrl\":\"https:\/\/triathlon-vendee.com\/wp-content\/uploads\/2014\/12\/ob_f9a5af_image1.jpg\",\"datePublished\":\"2014-12-10T19:51:20+00:00\",\"author\":{\"@id\":\"https:\/\/triathlon-vendee.com\/#\/schema\/person\/c5a5e3f339b62db4c29bf6f5bbdf5ded\"},\"breadcrumb\":{\"@id\":\"https:\/\/triathlon-vendee.com\/trail-des-pays-de-monts-cest-parti\/#breadcrumb\"},\"inLanguage\":\"fr-FR\",\"potentialAction\":[{\"@type\":\"ReadAction\",\"target\":[\"https:\/\/triathlon-vendee.com\/trail-des-pays-de-monts-cest-parti\/\"]}]},{\"@type\":\"ImageObject\",\"inLanguage\":\"fr-FR\",\"@id\":\"https:\/\/triathlon-vendee.com\/trail-des-pays-de-monts-cest-parti\/#primaryimage\",\"url\":\"https:\/\/triathlon-vendee.com\/wp-content\/uploads\/2014\/12\/ob_f9a5af_image1.jpg\",\"contentUrl\":\"https:\/\/triathlon-vendee.com\/wp-content\/uploads\/2014\/12\/ob_f9a5af_image1.jpg\"},{\"@type\":\"BreadcrumbList\",\"@id\":\"https:\/\/triathlon-vendee.com\/trail-des-pays-de-monts-cest-parti\/#breadcrumb\",\"itemListElement\":[{\"@type\":\"ListItem\",\"position\":1,\"name\":\"Accueil\",\"item\":\"https:\/\/triathlon-vendee.com\/\"},{\"@type\":\"ListItem\",\"position\":2,\"name\":\"Triathlon\",\"item\":\"https:\/\/triathlon-vendee.com\/category\/triathlon\/\"},{\"@type\":\"ListItem\",\"position\":3,\"name\":\"Trail des Pays de Monts: c&rsquo;est parti !\"}]},{\"@type\":\"WebSite\",\"@id\":\"https:\/\/triathlon-vendee.com\/#website\",\"url\":\"https:\/\/triathlon-vendee.com\/\",\"name\":\"Triathlon Saint Jean de Monts | Vend\u00e9e\",\"description\":\"Club de Triathlon \u00e0 Saint Jean de Monts, en Vend\u00e9e\",\"potentialAction\":[{\"@type\":\"SearchAction\",\"target\":{\"@type\":\"EntryPoint\",\"urlTemplate\":\"https:\/\/triathlon-vendee.com\/?s={search_term_string}\"},\"query-input\":{\"@type\":\"PropertyValueSpecification\",\"valueRequired\":true,\"valueName\":\"search_term_string\"}}],\"inLanguage\":\"fr-FR\"},{\"@type\":\"Person\",\"@id\":\"https:\/\/triathlon-vendee.com\/#\/schema\/person\/c5a5e3f339b62db4c29bf6f5bbdf5ded\",\"name\":\"admin-triathlon\",\"image\":{\"@type\":\"ImageObject\",\"inLanguage\":\"fr-FR\",\"@id\":\"https:\/\/triathlon-vendee.com\/#\/schema\/person\/image\/\",\"url\":\"https:\/\/secure.gravatar.com\/avatar\/b7e7818f3bc4056d29730c8b49b56e37487cafa62e85d34ee719e66093981a2f?s=96&d=mm&r=g\",\"contentUrl\":\"https:\/\/secure.gravatar.com\/avatar\/b7e7818f3bc4056d29730c8b49b56e37487cafa62e85d34ee719e66093981a2f?s=96&d=mm&r=g\",\"caption\":\"admin-triathlon\"},\"url\":\"https:\/\/triathlon-vendee.com\/author\/admin-triathlon\/\"}]}<\/script>\n<!-- \/ Yoast SEO plugin. -->","yoast_head_json":{"title":"Trail des Pays de Monts: c'est parti ! - Triathlon Saint Jean de Monts | Vend\u00e9e","robots":{"index":"index","follow":"follow","max-snippet":"max-snippet:-1","max-image-preview":"max-image-preview:large","max-video-preview":"max-video-preview:-1"},"canonical":"https:\/\/triathlon-vendee.com\/trail-des-pays-de-monts-cest-parti\/","og_locale":"fr_FR","og_type":"article","og_title":"Trail des Pays de Monts: c'est parti ! - Triathlon Saint Jean de Monts | Vend\u00e9e","og_description":"L&#039;\u00e9dition 2015 se d\u00e9roulera le dimanche 15 f\u00e9vrier sur le site de l&#039;hippodrome de l&#039;atlantique. 4 courses au programme: le 23 km, le 10 km et les 2 trails kid&#039;s. L&#039;occasion de &quot;visiter&quot; les magnifiques parcours trac\u00e9s dans la for\u00eat des Pays de monts et sur le cordon dunaire. Les inscriptions sont ouvertes ici ou [&hellip;]","og_url":"https:\/\/triathlon-vendee.com\/trail-des-pays-de-monts-cest-parti\/","og_site_name":"Triathlon Saint Jean de Monts | Vend\u00e9e","article_published_time":"2014-12-10T19:51:20+00:00","og_image":[{"url":"https:\/\/triathlon-vendee.com\/wp-content\/uploads\/2014\/12\/ob_f9a5af_image1.jpg","type":"","width":"","height":""}],"author":"admin-triathlon","twitter_card":"summary_large_image","twitter_misc":{"\u00c9crit par":"admin-triathlon"},"schema":{"@context":"https:\/\/schema.org","@graph":[{"@type":"Article","@id":"https:\/\/triathlon-vendee.com\/trail-des-pays-de-monts-cest-parti\/#article","isPartOf":{"@id":"https:\/\/triathlon-vendee.com\/trail-des-pays-de-monts-cest-parti\/"},"author":{"name":"admin-triathlon","@id":"https:\/\/triathlon-vendee.com\/#\/schema\/person\/c5a5e3f339b62db4c29bf6f5bbdf5ded"},"headline":"Trail des Pays de Monts: c&rsquo;est parti !","datePublished":"2014-12-10T19:51:20+00:00","mainEntityOfPage":{"@id":"https:\/\/triathlon-vendee.com\/trail-des-pays-de-monts-cest-parti\/"},"wordCount":102,"commentCount":0,"image":{"@id":"https:\/\/triathlon-vendee.com\/trail-des-pays-de-monts-cest-parti\/#primaryimage"},"thumbnailUrl":"https:\/\/triathlon-vendee.com\/wp-content\/uploads\/2014\/12\/ob_f9a5af_image1.jpg","articleSection":["Triathlon"],"inLanguage":"fr-FR","potentialAction":[{"@type":"CommentAction","name":"Comment","target":["https:\/\/triathlon-vendee.com\/trail-des-pays-de-monts-cest-parti\/#respond"]}]},{"@type":"WebPage","@id":"https:\/\/triathlon-vendee.com\/trail-des-pays-de-monts-cest-parti\/","url":"https:\/\/triathlon-vendee.com\/trail-des-pays-de-monts-cest-parti\/","name":"Trail des Pays de Monts: c'est parti ! - Triathlon Saint Jean de Monts | Vend\u00e9e","isPartOf":{"@id":"https:\/\/triathlon-vendee.com\/#website"},"primaryImageOfPage":{"@id":"https:\/\/triathlon-vendee.com\/trail-des-pays-de-monts-cest-parti\/#primaryimage"},"image":{"@id":"https:\/\/triathlon-vendee.com\/trail-des-pays-de-monts-cest-parti\/#primaryimage"},"thumbnailUrl":"https:\/\/triathlon-vendee.com\/wp-content\/uploads\/2014\/12\/ob_f9a5af_image1.jpg","datePublished":"2014-12-10T19:51:20+00:00","author":{"@id":"https:\/\/triathlon-vendee.com\/#\/schema\/person\/c5a5e3f339b62db4c29bf6f5bbdf5ded"},"breadcrumb":{"@id":"https:\/\/triathlon-vendee.com\/trail-des-pays-de-monts-cest-parti\/#breadcrumb"},"inLanguage":"fr-FR","potentialAction":[{"@type":"ReadAction","target":["https:\/\/triathlon-vendee.com\/trail-des-pays-de-monts-cest-parti\/"]}]},{"@type":"ImageObject","inLanguage":"fr-FR","@id":"https:\/\/triathlon-vendee.com\/trail-des-pays-de-monts-cest-parti\/#primaryimage","url":"https:\/\/triathlon-vendee.com\/wp-content\/uploads\/2014\/12\/ob_f9a5af_image1.jpg","contentUrl":"https:\/\/triathlon-vendee.com\/wp-content\/uploads\/2014\/12\/ob_f9a5af_image1.jpg"},{"@type":"BreadcrumbList","@id":"https:\/\/triathlon-vendee.com\/trail-des-pays-de-monts-cest-parti\/#breadcrumb","itemListElement":[{"@type":"ListItem","position":1,"name":"Accueil","item":"https:\/\/triathlon-vendee.com\/"},{"@type":"ListItem","position":2,"name":"Triathlon","item":"https:\/\/triathlon-vendee.com\/category\/triathlon\/"},{"@type":"ListItem","position":3,"name":"Trail des Pays de Monts: c&rsquo;est parti !"}]},{"@type":"WebSite","@id":"https:\/\/triathlon-vendee.com\/#website","url":"https:\/\/triathlon-vendee.com\/","name":"Triathlon Saint Jean de Monts | Vend\u00e9e","description":"Club de Triathlon \u00e0 Saint Jean de Monts, en Vend\u00e9e","potentialAction":[{"@type":"SearchAction","target":{"@type":"EntryPoint","urlTemplate":"https:\/\/triathlon-vendee.com\/?s={search_term_string}"},"query-input":{"@type":"PropertyValueSpecification","valueRequired":true,"valueName":"search_term_string"}}],"inLanguage":"fr-FR"},{"@type":"Person","@id":"https:\/\/triathlon-vendee.com\/#\/schema\/person\/c5a5e3f339b62db4c29bf6f5bbdf5ded","name":"admin-triathlon","image":{"@type":"ImageObject","inLanguage":"fr-FR","@id":"https:\/\/triathlon-vendee.com\/#\/schema\/person\/image\/","url":"https:\/\/secure.gravatar.com\/avatar\/b7e7818f3bc4056d29730c8b49b56e37487cafa62e85d34ee719e66093981a2f?s=96&d=mm&r=g","contentUrl":"https:\/\/secure.gravatar.com\/avatar\/b7e7818f3bc4056d29730c8b49b56e37487cafa62e85d34ee719e66093981a2f?s=96&d=mm&r=g","caption":"admin-triathlon"},"url":"https:\/\/triathlon-vendee.com\/author\/admin-triathlon\/"}]}},"_links":{"self":[{"href":"https:\/\/triathlon-vendee.com\/api\/wp\/v2\/posts\/619","targetHints":{"allow":["GET"]}}],"collection":[{"href":"https:\/\/triathlon-vendee.com\/api\/wp\/v2\/posts"}],"about":[{"href":"https:\/\/triathlon-vendee.com\/api\/wp\/v2\/types\/post"}],"author":[{"embeddable":true,"href":"https:\/\/triathlon-vendee.com\/api\/wp\/v2\/users\/1"}],"replies":[{"embeddable":true,"href":"https:\/\/triathlon-vendee.com\/api\/wp\/v2\/comments?post=619"}],"version-history":[{"count":0,"href":"https:\/\/triathlon-vendee.com\/api\/wp\/v2\/posts\/619\/revisions"}],"wp:attachment":[{"href":"https:\/\/triathlon-vendee.com\/api\/wp\/v2\/media?parent=619"}],"wp:term":[{"taxonomy":"category","embeddable":true,"href":"https:\/\/triathlon-vendee.com\/api\/wp\/v2\/categories?post=619"},{"taxonomy":"post_tag","embeddable":true,"href":"https:\/\/triathlon-vendee.com\/api\/wp\/v2\/tags?post=619"}],"curies":[{"name":"wp","href":"https:\/\/api.w.org\/{rel}","templated":true}]}}