{"id":377,"date":"2017-01-29T19:47:51","date_gmt":"2017-01-29T18:47:51","guid":{"rendered":"https:\/\/triathlon-vendee.com\/rgionaux-cross-marion-jeanne-et-niels-qualifis-pour-les-1-2-finales-france\/"},"modified":"2017-01-29T19:47:51","modified_gmt":"2017-01-29T18:47:51","slug":"rgionaux-cross-marion-jeanne-et-niels-qualifis-pour-les-1-2-finales-france","status":"publish","type":"post","link":"https:\/\/triathlon-vendee.com\/rgionaux-cross-marion-jeanne-et-niels-qualifis-pour-les-1-2-finales-france\/","title":{"rendered":"R&#xE9;gionaux cross : Marion, Jeanne et Niels qualifi&#xE9;s pour les 1\/2 finales France"},"content":{"rendered":"<div class=\"ob-sections\">\n<div class=\"ob-section ob-section-images ob-default\">\n<div class=\"ob-row-1-col\"><a href=\"https:\/\/triathlon-vendee.com\/wp-content\/uploads\/2017\/01\/ob_d4bcd6_img-1416.jpg\" class=\"ob-link-img\"><img decoding=\"async\" src=\"https:\/\/triathlon-vendee.com\/wp-content\/uploads\/2017\/01\/ob_d4bcd6_img-1416.jpg\" alt=\"R&#x00E9;gionaux&#x20;cross&#x20;&#x3A;&#x20;Marion,&#x20;Jeanne&#x20;et&#x20;Niels&#x20;qualifi&#x00E9;s&#x20;pour&#x20;les&#x20;1&#x2F;2&#x20;finales&#x20;France\" class=\"ob-cell ob-img ob-media\" \/><\/a><\/div>\n<\/div>\n<div class=\"ob-section ob-section-html\">\n<p>Une semaine apr&egrave;s les r&eacute;gionaux de cross&nbsp;cadets &agrave; masters de Challans, c&#39;&eacute;tait au tour des benjamins et minimes de disputer leur <u>Championnat r&eacute;gional &agrave; Paimboeuf <\/u>(44). Pour les benjamins, il n&#39;y avait pas d&#39;enjeu car pas de qualifications possibles pour les 1\/2 finales du championnat de France. N&eacute;anmoins, les jeunes montois &eacute;taient l&agrave; pour prendre de l&#39;exp&eacute;rience. Chez les filles, <strong>Manon NOQUET <\/strong>se classe 58&egrave;me et <strong>Pauline CUCCINIELLO <\/strong>90&egrave;me. Chez les gar&ccedil;ons, <strong>No&eacute; CAILLEAU <\/strong>termine 66&egrave;me et <strong>Samuel PENAUD <\/strong>99&egrave;me. En revanche, chez les minimes, l&#39;objectif &eacute;tait d&#39;obtenir le fameux s&eacute;same pour le tour suivant. Mission accomplie&nbsp;pour&nbsp;les 3 montois pr&eacute;sents sur la ligne de d&eacute;part&nbsp;: <strong>Marion PENAUD <\/strong>(75&egrave;me) et <strong>Jeanne GOHAU <\/strong>(77&egrave;me)&nbsp;chez les filles et <strong>Niels GRAVIER <\/strong>(99&egrave;me) chez les gar&ccedil;ons. Les <a href=\"http:\/\/bases.athle.com\/asp.net\/liste.aspx?frmbase=resultats&amp;frmmode=1&amp;frmespace=0&amp;frmcompetition=193072\" target=\"_blank\" rel=\"noopener noreferrer\">r&eacute;sultats ici<\/a>&nbsp;Voir les <a href=\"https:\/\/share.orange.fr\/?_=GRl#UAbATi1ro645e05f1c95\/read\/image\/nouveau dossier\/cross region paimboeuf\/DSC_0803.JPG\" target=\"_blank\" rel=\"noopener noreferrer\">photos ici<\/a><\/p>\n<p>Toujours en athl&eacute;tisme,&nbsp;12 &eacute;veils athl&eacute; et poussins du Saint Jean de Monts VTA &eacute;taient aux Herbiers samedi pour une <u>comp&eacute;tition d&eacute;partementale<\/u>. Accompagn&eacute;s de leurs coachs Gemma et Benoit, les jeunes montois se sont illustr&eacute;s avec notamment une 5&egrave;me place par &eacute;quipe pour les poussins gar&ccedil;ons (Keryan, Rapha&euml;l, Nathan T, Paul, Axel, Gabriel et Nathan D) et la 5&egrave;me place individuelle de <strong>Keryan RAIMBAULT<\/strong>. Les poussines se classent 9&egrave;me avec Maevane, Elodie, Armance et Chlo&eacute;. Les &eacute;veils athl&eacute; filles, en entente avec AC Palluau terminent 2&egrave;me.<\/p>\n<\/div><\/div>\n","protected":false},"excerpt":{"rendered":"<p>Une semaine apr&egrave;s les r&eacute;gionaux de cross&nbsp;cadets &agrave; masters de Challans, c&#39;&eacute;tait au tour des benjamins et minimes de disputer leur Championnat r&eacute;gional &agrave; Paimboeuf (44). Pour les benjamins, il n&#39;y avait pas d&#39;enjeu car pas de qualifications possibles pour les 1\/2 finales du championnat de France. N&eacute;anmoins, les jeunes montois &eacute;taient l&agrave; pour prendre [&hellip;]<\/p>\n","protected":false},"author":1,"featured_media":0,"comment_status":"open","ping_status":"open","sticky":false,"template":"","format":"standard","meta":{"_et_pb_use_builder":"","_et_pb_old_content":"","_et_gb_content_width":"","footnotes":""},"categories":[1],"tags":[],"class_list":["post-377","post","type-post","status-publish","format-standard","hentry","category-triathlon"],"yoast_head":"<!-- This site is optimized with the Yoast SEO plugin v26.7 - https:\/\/yoast.com\/wordpress\/plugins\/seo\/ -->\n<title>R&#xE9;gionaux cross : Marion, Jeanne et Niels qualifi&#xE9;s pour les 1\/2 finales France - Triathlon Saint Jean de Monts | Vend\u00e9e<\/title>\n<meta name=\"robots\" content=\"index, follow, max-snippet:-1, max-image-preview:large, max-video-preview:-1\" \/>\n<link rel=\"canonical\" href=\"https:\/\/triathlon-vendee.com\/rgionaux-cross-marion-jeanne-et-niels-qualifis-pour-les-1-2-finales-france\/\" \/>\n<meta property=\"og:locale\" content=\"fr_FR\" \/>\n<meta property=\"og:type\" content=\"article\" \/>\n<meta property=\"og:title\" content=\"R&#xE9;gionaux cross : Marion, Jeanne et Niels qualifi&#xE9;s pour les 1\/2 finales France - Triathlon Saint Jean de Monts | Vend\u00e9e\" \/>\n<meta property=\"og:description\" content=\"Une semaine apr&egrave;s les r&eacute;gionaux de cross&nbsp;cadets &agrave; masters de Challans, c&#039;&eacute;tait au tour des benjamins et minimes de disputer leur Championnat r&eacute;gional &agrave; Paimboeuf (44). Pour les benjamins, il n&#039;y avait pas d&#039;enjeu car pas de qualifications possibles pour les 1\/2 finales du championnat de France. N&eacute;anmoins, les jeunes montois &eacute;taient l&agrave; pour prendre [&hellip;]\" \/>\n<meta property=\"og:url\" content=\"https:\/\/triathlon-vendee.com\/rgionaux-cross-marion-jeanne-et-niels-qualifis-pour-les-1-2-finales-france\/\" \/>\n<meta property=\"og:site_name\" content=\"Triathlon Saint Jean de Monts | Vend\u00e9e\" \/>\n<meta property=\"article:published_time\" content=\"2017-01-29T18:47:51+00:00\" \/>\n<meta property=\"og:image\" content=\"https:\/\/triathlon-vendee.com\/wp-content\/uploads\/2017\/01\/ob_d4bcd6_img-1416.jpg\" \/>\n<meta name=\"author\" content=\"admin-triathlon\" \/>\n<meta name=\"twitter:card\" content=\"summary_large_image\" \/>\n<meta name=\"twitter:label1\" content=\"\u00c9crit par\" \/>\n\t<meta name=\"twitter:data1\" content=\"admin-triathlon\" \/>\n\t<meta name=\"twitter:label2\" content=\"Dur\u00e9e de lecture estim\u00e9e\" \/>\n\t<meta name=\"twitter:data2\" content=\"1 minute\" \/>\n<script type=\"application\/ld+json\" class=\"yoast-schema-graph\">{\"@context\":\"https:\/\/schema.org\",\"@graph\":[{\"@type\":\"Article\",\"@id\":\"https:\/\/triathlon-vendee.com\/rgionaux-cross-marion-jeanne-et-niels-qualifis-pour-les-1-2-finales-france\/#article\",\"isPartOf\":{\"@id\":\"https:\/\/triathlon-vendee.com\/rgionaux-cross-marion-jeanne-et-niels-qualifis-pour-les-1-2-finales-france\/\"},\"author\":{\"name\":\"admin-triathlon\",\"@id\":\"https:\/\/triathlon-vendee.com\/#\/schema\/person\/c5a5e3f339b62db4c29bf6f5bbdf5ded\"},\"headline\":\"R&#xE9;gionaux cross : Marion, Jeanne et Niels qualifi&#xE9;s pour les 1\/2 finales France\",\"datePublished\":\"2017-01-29T18:47:51+00:00\",\"mainEntityOfPage\":{\"@id\":\"https:\/\/triathlon-vendee.com\/rgionaux-cross-marion-jeanne-et-niels-qualifis-pour-les-1-2-finales-france\/\"},\"wordCount\":301,\"commentCount\":0,\"image\":{\"@id\":\"https:\/\/triathlon-vendee.com\/rgionaux-cross-marion-jeanne-et-niels-qualifis-pour-les-1-2-finales-france\/#primaryimage\"},\"thumbnailUrl\":\"https:\/\/triathlon-vendee.com\/wp-content\/uploads\/2017\/01\/ob_d4bcd6_img-1416.jpg\",\"articleSection\":[\"Triathlon\"],\"inLanguage\":\"fr-FR\",\"potentialAction\":[{\"@type\":\"CommentAction\",\"name\":\"Comment\",\"target\":[\"https:\/\/triathlon-vendee.com\/rgionaux-cross-marion-jeanne-et-niels-qualifis-pour-les-1-2-finales-france\/#respond\"]}]},{\"@type\":\"WebPage\",\"@id\":\"https:\/\/triathlon-vendee.com\/rgionaux-cross-marion-jeanne-et-niels-qualifis-pour-les-1-2-finales-france\/\",\"url\":\"https:\/\/triathlon-vendee.com\/rgionaux-cross-marion-jeanne-et-niels-qualifis-pour-les-1-2-finales-france\/\",\"name\":\"R&#xE9;gionaux cross : Marion, Jeanne et Niels qualifi&#xE9;s pour les 1\/2 finales France - Triathlon Saint Jean de Monts | Vend\u00e9e\",\"isPartOf\":{\"@id\":\"https:\/\/triathlon-vendee.com\/#website\"},\"primaryImageOfPage\":{\"@id\":\"https:\/\/triathlon-vendee.com\/rgionaux-cross-marion-jeanne-et-niels-qualifis-pour-les-1-2-finales-france\/#primaryimage\"},\"image\":{\"@id\":\"https:\/\/triathlon-vendee.com\/rgionaux-cross-marion-jeanne-et-niels-qualifis-pour-les-1-2-finales-france\/#primaryimage\"},\"thumbnailUrl\":\"https:\/\/triathlon-vendee.com\/wp-content\/uploads\/2017\/01\/ob_d4bcd6_img-1416.jpg\",\"datePublished\":\"2017-01-29T18:47:51+00:00\",\"author\":{\"@id\":\"https:\/\/triathlon-vendee.com\/#\/schema\/person\/c5a5e3f339b62db4c29bf6f5bbdf5ded\"},\"breadcrumb\":{\"@id\":\"https:\/\/triathlon-vendee.com\/rgionaux-cross-marion-jeanne-et-niels-qualifis-pour-les-1-2-finales-france\/#breadcrumb\"},\"inLanguage\":\"fr-FR\",\"potentialAction\":[{\"@type\":\"ReadAction\",\"target\":[\"https:\/\/triathlon-vendee.com\/rgionaux-cross-marion-jeanne-et-niels-qualifis-pour-les-1-2-finales-france\/\"]}]},{\"@type\":\"ImageObject\",\"inLanguage\":\"fr-FR\",\"@id\":\"https:\/\/triathlon-vendee.com\/rgionaux-cross-marion-jeanne-et-niels-qualifis-pour-les-1-2-finales-france\/#primaryimage\",\"url\":\"https:\/\/triathlon-vendee.com\/wp-content\/uploads\/2017\/01\/ob_d4bcd6_img-1416.jpg\",\"contentUrl\":\"https:\/\/triathlon-vendee.com\/wp-content\/uploads\/2017\/01\/ob_d4bcd6_img-1416.jpg\"},{\"@type\":\"BreadcrumbList\",\"@id\":\"https:\/\/triathlon-vendee.com\/rgionaux-cross-marion-jeanne-et-niels-qualifis-pour-les-1-2-finales-france\/#breadcrumb\",\"itemListElement\":[{\"@type\":\"ListItem\",\"position\":1,\"name\":\"Accueil\",\"item\":\"https:\/\/triathlon-vendee.com\/\"},{\"@type\":\"ListItem\",\"position\":2,\"name\":\"Triathlon\",\"item\":\"https:\/\/triathlon-vendee.com\/category\/triathlon\/\"},{\"@type\":\"ListItem\",\"position\":3,\"name\":\"R&#xE9;gionaux cross : Marion, Jeanne et Niels qualifi&#xE9;s pour les 1\/2 finales France\"}]},{\"@type\":\"WebSite\",\"@id\":\"https:\/\/triathlon-vendee.com\/#website\",\"url\":\"https:\/\/triathlon-vendee.com\/\",\"name\":\"Triathlon Saint Jean de Monts | Vend\u00e9e\",\"description\":\"Club de Triathlon \u00e0 Saint Jean de Monts, en Vend\u00e9e\",\"potentialAction\":[{\"@type\":\"SearchAction\",\"target\":{\"@type\":\"EntryPoint\",\"urlTemplate\":\"https:\/\/triathlon-vendee.com\/?s={search_term_string}\"},\"query-input\":{\"@type\":\"PropertyValueSpecification\",\"valueRequired\":true,\"valueName\":\"search_term_string\"}}],\"inLanguage\":\"fr-FR\"},{\"@type\":\"Person\",\"@id\":\"https:\/\/triathlon-vendee.com\/#\/schema\/person\/c5a5e3f339b62db4c29bf6f5bbdf5ded\",\"name\":\"admin-triathlon\",\"image\":{\"@type\":\"ImageObject\",\"inLanguage\":\"fr-FR\",\"@id\":\"https:\/\/triathlon-vendee.com\/#\/schema\/person\/image\/\",\"url\":\"https:\/\/secure.gravatar.com\/avatar\/b7e7818f3bc4056d29730c8b49b56e37487cafa62e85d34ee719e66093981a2f?s=96&d=mm&r=g\",\"contentUrl\":\"https:\/\/secure.gravatar.com\/avatar\/b7e7818f3bc4056d29730c8b49b56e37487cafa62e85d34ee719e66093981a2f?s=96&d=mm&r=g\",\"caption\":\"admin-triathlon\"},\"url\":\"https:\/\/triathlon-vendee.com\/author\/admin-triathlon\/\"}]}<\/script>\n<!-- \/ Yoast SEO plugin. -->","yoast_head_json":{"title":"R&#xE9;gionaux cross : Marion, Jeanne et Niels qualifi&#xE9;s pour les 1\/2 finales France - Triathlon Saint Jean de Monts | Vend\u00e9e","robots":{"index":"index","follow":"follow","max-snippet":"max-snippet:-1","max-image-preview":"max-image-preview:large","max-video-preview":"max-video-preview:-1"},"canonical":"https:\/\/triathlon-vendee.com\/rgionaux-cross-marion-jeanne-et-niels-qualifis-pour-les-1-2-finales-france\/","og_locale":"fr_FR","og_type":"article","og_title":"R&#xE9;gionaux cross : Marion, Jeanne et Niels qualifi&#xE9;s pour les 1\/2 finales France - Triathlon Saint Jean de Monts | Vend\u00e9e","og_description":"Une semaine apr&egrave;s les r&eacute;gionaux de cross&nbsp;cadets &agrave; masters de Challans, c&#39;&eacute;tait au tour des benjamins et minimes de disputer leur Championnat r&eacute;gional &agrave; Paimboeuf (44). Pour les benjamins, il n&#39;y avait pas d&#39;enjeu car pas de qualifications possibles pour les 1\/2 finales du championnat de France. N&eacute;anmoins, les jeunes montois &eacute;taient l&agrave; pour prendre [&hellip;]","og_url":"https:\/\/triathlon-vendee.com\/rgionaux-cross-marion-jeanne-et-niels-qualifis-pour-les-1-2-finales-france\/","og_site_name":"Triathlon Saint Jean de Monts | Vend\u00e9e","article_published_time":"2017-01-29T18:47:51+00:00","og_image":[{"url":"https:\/\/triathlon-vendee.com\/wp-content\/uploads\/2017\/01\/ob_d4bcd6_img-1416.jpg","type":"","width":"","height":""}],"author":"admin-triathlon","twitter_card":"summary_large_image","twitter_misc":{"\u00c9crit par":"admin-triathlon","Dur\u00e9e de lecture estim\u00e9e":"1 minute"},"schema":{"@context":"https:\/\/schema.org","@graph":[{"@type":"Article","@id":"https:\/\/triathlon-vendee.com\/rgionaux-cross-marion-jeanne-et-niels-qualifis-pour-les-1-2-finales-france\/#article","isPartOf":{"@id":"https:\/\/triathlon-vendee.com\/rgionaux-cross-marion-jeanne-et-niels-qualifis-pour-les-1-2-finales-france\/"},"author":{"name":"admin-triathlon","@id":"https:\/\/triathlon-vendee.com\/#\/schema\/person\/c5a5e3f339b62db4c29bf6f5bbdf5ded"},"headline":"R&#xE9;gionaux cross : Marion, Jeanne et Niels qualifi&#xE9;s pour les 1\/2 finales France","datePublished":"2017-01-29T18:47:51+00:00","mainEntityOfPage":{"@id":"https:\/\/triathlon-vendee.com\/rgionaux-cross-marion-jeanne-et-niels-qualifis-pour-les-1-2-finales-france\/"},"wordCount":301,"commentCount":0,"image":{"@id":"https:\/\/triathlon-vendee.com\/rgionaux-cross-marion-jeanne-et-niels-qualifis-pour-les-1-2-finales-france\/#primaryimage"},"thumbnailUrl":"https:\/\/triathlon-vendee.com\/wp-content\/uploads\/2017\/01\/ob_d4bcd6_img-1416.jpg","articleSection":["Triathlon"],"inLanguage":"fr-FR","potentialAction":[{"@type":"CommentAction","name":"Comment","target":["https:\/\/triathlon-vendee.com\/rgionaux-cross-marion-jeanne-et-niels-qualifis-pour-les-1-2-finales-france\/#respond"]}]},{"@type":"WebPage","@id":"https:\/\/triathlon-vendee.com\/rgionaux-cross-marion-jeanne-et-niels-qualifis-pour-les-1-2-finales-france\/","url":"https:\/\/triathlon-vendee.com\/rgionaux-cross-marion-jeanne-et-niels-qualifis-pour-les-1-2-finales-france\/","name":"R&#xE9;gionaux cross : Marion, Jeanne et Niels qualifi&#xE9;s pour les 1\/2 finales France - Triathlon Saint Jean de Monts | Vend\u00e9e","isPartOf":{"@id":"https:\/\/triathlon-vendee.com\/#website"},"primaryImageOfPage":{"@id":"https:\/\/triathlon-vendee.com\/rgionaux-cross-marion-jeanne-et-niels-qualifis-pour-les-1-2-finales-france\/#primaryimage"},"image":{"@id":"https:\/\/triathlon-vendee.com\/rgionaux-cross-marion-jeanne-et-niels-qualifis-pour-les-1-2-finales-france\/#primaryimage"},"thumbnailUrl":"https:\/\/triathlon-vendee.com\/wp-content\/uploads\/2017\/01\/ob_d4bcd6_img-1416.jpg","datePublished":"2017-01-29T18:47:51+00:00","author":{"@id":"https:\/\/triathlon-vendee.com\/#\/schema\/person\/c5a5e3f339b62db4c29bf6f5bbdf5ded"},"breadcrumb":{"@id":"https:\/\/triathlon-vendee.com\/rgionaux-cross-marion-jeanne-et-niels-qualifis-pour-les-1-2-finales-france\/#breadcrumb"},"inLanguage":"fr-FR","potentialAction":[{"@type":"ReadAction","target":["https:\/\/triathlon-vendee.com\/rgionaux-cross-marion-jeanne-et-niels-qualifis-pour-les-1-2-finales-france\/"]}]},{"@type":"ImageObject","inLanguage":"fr-FR","@id":"https:\/\/triathlon-vendee.com\/rgionaux-cross-marion-jeanne-et-niels-qualifis-pour-les-1-2-finales-france\/#primaryimage","url":"https:\/\/triathlon-vendee.com\/wp-content\/uploads\/2017\/01\/ob_d4bcd6_img-1416.jpg","contentUrl":"https:\/\/triathlon-vendee.com\/wp-content\/uploads\/2017\/01\/ob_d4bcd6_img-1416.jpg"},{"@type":"BreadcrumbList","@id":"https:\/\/triathlon-vendee.com\/rgionaux-cross-marion-jeanne-et-niels-qualifis-pour-les-1-2-finales-france\/#breadcrumb","itemListElement":[{"@type":"ListItem","position":1,"name":"Accueil","item":"https:\/\/triathlon-vendee.com\/"},{"@type":"ListItem","position":2,"name":"Triathlon","item":"https:\/\/triathlon-vendee.com\/category\/triathlon\/"},{"@type":"ListItem","position":3,"name":"R&#xE9;gionaux cross : Marion, Jeanne et Niels qualifi&#xE9;s pour les 1\/2 finales France"}]},{"@type":"WebSite","@id":"https:\/\/triathlon-vendee.com\/#website","url":"https:\/\/triathlon-vendee.com\/","name":"Triathlon Saint Jean de Monts | Vend\u00e9e","description":"Club de Triathlon \u00e0 Saint Jean de Monts, en Vend\u00e9e","potentialAction":[{"@type":"SearchAction","target":{"@type":"EntryPoint","urlTemplate":"https:\/\/triathlon-vendee.com\/?s={search_term_string}"},"query-input":{"@type":"PropertyValueSpecification","valueRequired":true,"valueName":"search_term_string"}}],"inLanguage":"fr-FR"},{"@type":"Person","@id":"https:\/\/triathlon-vendee.com\/#\/schema\/person\/c5a5e3f339b62db4c29bf6f5bbdf5ded","name":"admin-triathlon","image":{"@type":"ImageObject","inLanguage":"fr-FR","@id":"https:\/\/triathlon-vendee.com\/#\/schema\/person\/image\/","url":"https:\/\/secure.gravatar.com\/avatar\/b7e7818f3bc4056d29730c8b49b56e37487cafa62e85d34ee719e66093981a2f?s=96&d=mm&r=g","contentUrl":"https:\/\/secure.gravatar.com\/avatar\/b7e7818f3bc4056d29730c8b49b56e37487cafa62e85d34ee719e66093981a2f?s=96&d=mm&r=g","caption":"admin-triathlon"},"url":"https:\/\/triathlon-vendee.com\/author\/admin-triathlon\/"}]}},"_links":{"self":[{"href":"https:\/\/triathlon-vendee.com\/api\/wp\/v2\/posts\/377","targetHints":{"allow":["GET"]}}],"collection":[{"href":"https:\/\/triathlon-vendee.com\/api\/wp\/v2\/posts"}],"about":[{"href":"https:\/\/triathlon-vendee.com\/api\/wp\/v2\/types\/post"}],"author":[{"embeddable":true,"href":"https:\/\/triathlon-vendee.com\/api\/wp\/v2\/users\/1"}],"replies":[{"embeddable":true,"href":"https:\/\/triathlon-vendee.com\/api\/wp\/v2\/comments?post=377"}],"version-history":[{"count":0,"href":"https:\/\/triathlon-vendee.com\/api\/wp\/v2\/posts\/377\/revisions"}],"wp:attachment":[{"href":"https:\/\/triathlon-vendee.com\/api\/wp\/v2\/media?parent=377"}],"wp:term":[{"taxonomy":"category","embeddable":true,"href":"https:\/\/triathlon-vendee.com\/api\/wp\/v2\/categories?post=377"},{"taxonomy":"post_tag","embeddable":true,"href":"https:\/\/triathlon-vendee.com\/api\/wp\/v2\/tags?post=377"}],"curies":[{"name":"wp","href":"https:\/\/api.w.org\/{rel}","templated":true}]}}