{"id":233707,"date":"2026-03-09T16:34:09","date_gmt":"2026-03-09T15:34:09","guid":{"rendered":"https:\/\/triathlon-vendee.com\/?p=233707"},"modified":"2026-03-09T19:23:03","modified_gmt":"2026-03-09T18:23:03","slug":"resultats-du-week-end-du-8-mars","status":"publish","type":"post","link":"https:\/\/triathlon-vendee.com\/resultats-du-week-end-du-8-mars\/","title":{"rendered":"R\u00e9sultats du week-end du 8 mars"},"content":{"rendered":"<p><strong>Championnats de France<\/strong><br \/>\nSylver et Laura repr\u00e9sentaient le club au plus haut niveau national !<br \/>\nDu c\u00f4t\u00e9 du Canicross, Laura termine 67\u00e8me au g\u00e9n\u00e9ral et 12\u00e8me de sa cat\u00e9gorie au terme des deux manches.<br \/>\nAux championnats de France de cross, Sylver prend une 295\u00e8me place en 40\u201902.<br \/>\nF\u00e9licitations \u00e0 ces deux champions et Volt pour avoir port\u00e9 les couleurs du club avec fiert\u00e9 !<\/p>\n<p><strong>Trail de Beaulieu<\/strong><br \/>\nRonan Pencreach 10\u00e8me<br \/>\nDidier Gravoil 35\u00e8me<br \/>\nPhilippe Milcent 47\u00e8me<br \/>\nFran\u00e7ois Pouvreau 74\u00e8me<\/p>\n<p><strong>Duathlon, D3, Juvign\u00e9<\/strong><br \/>\nThomas Lagnien 47\u00e8me<br \/>\nAmaury Lardi\u00e8re 48\u00e8me<br \/>\nThibault Hatte 59\u00e8me<br \/>\nJules Michaud 64\u00e8me<br \/>\nJean-Baptiste Richard 114\u00e8me<br \/>\n13\u00e8me place par \u00e9quipe.<\/p>\n<p><strong>Trail de La C\u00f4te de Lumi\u00e8re<\/strong><br \/>\nMention sp\u00e9ciale \u00e0 Laurane Pouvreau pour sa victoire !<br \/>\n<strong>&#8211; 11 km nocturne<\/strong><br \/>\nThibaut Crochet 24\u00e8me<br \/>\nLaure Guichard 62\u00e8me<br \/>\n<strong>&#8211; 16 km<\/strong><br \/>\nMicka\u00ebl Nobiron 29\u00e8me<br \/>\n<strong>&#8211; 8 km<\/strong><br \/>\nPascal Jousse 23\u00e8me<br \/>\nF\u00e9licitations \u00e9galement aux autres athl\u00e8tes montois pr\u00e9sents !<\/p>\n<p><strong>Class Tri &#8211; La Roche sur Yon<\/strong><br \/>\nBravo aux jeunes de l&rsquo;\u00e9cole de triathlon pr\u00e9sents aux Class Tri \u00e0 La Roche Sur Yon pour leurs belles performances et leur engagement !<\/p>\n<p><strong>Athl\u00e9tisme \u2013 R\u00e9gionaux individuels, Vend\u00e9space<\/strong><br \/>\nRom\u00e9lie Coud\u00e9 participait aux championnats r\u00e9gionaux individuels :<br \/>\n* Longueur : 4m50 (7)<br \/>\n* Triple saut : 8m71 (16)<\/p>\n<p>Bravo \u00e0 toutes et tous pour votre engagement et vos performances !<br \/>\n<img loading=\"lazy\" decoding=\"async\" class=\"alignnone size-medium wp-image-233712\" src=\"https:\/\/triathlon-vendee.com\/wp-content\/uploads\/2026\/03\/a585482e-3bc1-4400-85da-adbe0ea4222e-225x300.jpg\" alt=\"\" width=\"225\" height=\"300\" \/><br \/>\n<img loading=\"lazy\" decoding=\"async\" class=\"alignnone size-medium wp-image-233713\" src=\"https:\/\/triathlon-vendee.com\/wp-content\/uploads\/2026\/03\/bb26bd29-663e-4267-a6f2-7f76b930113d-225x300.jpg\" alt=\"\" width=\"225\" height=\"300\" \/><br \/>\n<img loading=\"lazy\" decoding=\"async\" class=\"alignnone size-medium wp-image-233710\" src=\"https:\/\/triathlon-vendee.com\/wp-content\/uploads\/2026\/03\/85b59459-b9e4-41a7-912d-55425b746108-300x224.jpg\" alt=\"\" width=\"300\" height=\"224\" \/><br \/>\n<img loading=\"lazy\" decoding=\"async\" class=\"alignnone size-medium wp-image-233711\" src=\"https:\/\/triathlon-vendee.com\/wp-content\/uploads\/2026\/03\/190de587-960c-47cb-9a89-842a6143262b.20260307_080437-300x207.jpg\" alt=\"\" width=\"300\" height=\"207\" \/><br \/>\n<img loading=\"lazy\" decoding=\"async\" class=\"alignnone size-medium wp-image-233715\" src=\"https:\/\/triathlon-vendee.com\/wp-content\/uploads\/2026\/03\/d84fdf72-1ab7-4b56-931b-6ad1622745b2-225x300.jpg\" alt=\"\" width=\"225\" height=\"300\" \/><\/p>\n","protected":false},"excerpt":{"rendered":"<p>Championnats de France Sylver et Laura repr\u00e9sentaient le club au plus haut niveau national ! Du c\u00f4t\u00e9 du Canicross, Laura termine 67\u00e8me au g\u00e9n\u00e9ral et 12\u00e8me de sa cat\u00e9gorie au terme des deux manches. Aux championnats de France de cross, Sylver prend une 295\u00e8me place en 40\u201902. F\u00e9licitations \u00e0 ces deux champions et Volt pour [&hellip;]<\/p>\n","protected":false},"author":2,"featured_media":233714,"comment_status":"closed","ping_status":"closed","sticky":false,"template":"","format":"standard","meta":{"_et_pb_use_builder":"","_et_pb_old_content":"","_et_gb_content_width":"","footnotes":""},"categories":[5,1],"tags":[],"class_list":["post-233707","post","type-post","status-publish","format-standard","has-post-thumbnail","hentry","category-athletisme","category-triathlon"],"yoast_head":"<!-- This site is optimized with the Yoast SEO plugin v26.7 - https:\/\/yoast.com\/wordpress\/plugins\/seo\/ -->\n<title>R\u00e9sultats du week-end du 8 mars - Triathlon Saint Jean de Monts | Vend\u00e9e<\/title>\n<meta name=\"robots\" content=\"index, follow, max-snippet:-1, max-image-preview:large, max-video-preview:-1\" \/>\n<link rel=\"canonical\" href=\"https:\/\/triathlon-vendee.com\/resultats-du-week-end-du-8-mars\/\" \/>\n<meta property=\"og:locale\" content=\"fr_FR\" \/>\n<meta property=\"og:type\" content=\"article\" \/>\n<meta property=\"og:title\" content=\"R\u00e9sultats du week-end du 8 mars - Triathlon Saint Jean de Monts | Vend\u00e9e\" \/>\n<meta property=\"og:description\" content=\"Championnats de France Sylver et Laura repr\u00e9sentaient le club au plus haut niveau national ! Du c\u00f4t\u00e9 du Canicross, Laura termine 67\u00e8me au g\u00e9n\u00e9ral et 12\u00e8me de sa cat\u00e9gorie au terme des deux manches. Aux championnats de France de cross, Sylver prend une 295\u00e8me place en 40\u201902. F\u00e9licitations \u00e0 ces deux champions et Volt pour [&hellip;]\" \/>\n<meta property=\"og:url\" content=\"https:\/\/triathlon-vendee.com\/resultats-du-week-end-du-8-mars\/\" \/>\n<meta property=\"og:site_name\" content=\"Triathlon Saint Jean de Monts | Vend\u00e9e\" \/>\n<meta property=\"article:author\" content=\"https:\/\/www.facebook.com\/SaintJeanDeMontsTriathlon\" \/>\n<meta property=\"article:published_time\" content=\"2026-03-09T15:34:09+00:00\" \/>\n<meta property=\"article:modified_time\" content=\"2026-03-09T18:23:03+00:00\" \/>\n<meta property=\"og:image\" content=\"https:\/\/triathlon-vendee.com\/wp-content\/uploads\/2026\/03\/c31e7d2e-05fc-4020-afab-76cadde5ed6c.jpg\" \/>\n\t<meta property=\"og:image:width\" content=\"1152\" \/>\n\t<meta property=\"og:image:height\" content=\"2048\" \/>\n\t<meta property=\"og:image:type\" content=\"image\/jpeg\" \/>\n<meta name=\"author\" content=\"admin-sjmvta\" \/>\n<meta name=\"twitter:card\" content=\"summary_large_image\" \/>\n<meta name=\"twitter:creator\" content=\"@https:\/\/twitter.com\/stjeantriathlon?lang=fr\" \/>\n<meta name=\"twitter:label1\" content=\"\u00c9crit par\" \/>\n\t<meta name=\"twitter:data1\" content=\"admin-sjmvta\" \/>\n\t<meta name=\"twitter:label2\" content=\"Dur\u00e9e de lecture estim\u00e9e\" \/>\n\t<meta name=\"twitter:data2\" content=\"3 minutes\" \/>\n<script type=\"application\/ld+json\" class=\"yoast-schema-graph\">{\"@context\":\"https:\/\/schema.org\",\"@graph\":[{\"@type\":\"Article\",\"@id\":\"https:\/\/triathlon-vendee.com\/resultats-du-week-end-du-8-mars\/#article\",\"isPartOf\":{\"@id\":\"https:\/\/triathlon-vendee.com\/resultats-du-week-end-du-8-mars\/\"},\"author\":{\"name\":\"admin-sjmvta\",\"@id\":\"https:\/\/triathlon-vendee.com\/#\/schema\/person\/9d107f7686584f6afa3c983160b3a01b\"},\"headline\":\"R\u00e9sultats du week-end du 8 mars\",\"datePublished\":\"2026-03-09T15:34:09+00:00\",\"dateModified\":\"2026-03-09T18:23:03+00:00\",\"mainEntityOfPage\":{\"@id\":\"https:\/\/triathlon-vendee.com\/resultats-du-week-end-du-8-mars\/\"},\"wordCount\":219,\"image\":{\"@id\":\"https:\/\/triathlon-vendee.com\/resultats-du-week-end-du-8-mars\/#primaryimage\"},\"thumbnailUrl\":\"https:\/\/triathlon-vendee.com\/wp-content\/uploads\/2026\/03\/c31e7d2e-05fc-4020-afab-76cadde5ed6c.jpg\",\"articleSection\":[\"Athl\u00e9tisme\",\"Triathlon\"],\"inLanguage\":\"fr-FR\"},{\"@type\":\"WebPage\",\"@id\":\"https:\/\/triathlon-vendee.com\/resultats-du-week-end-du-8-mars\/\",\"url\":\"https:\/\/triathlon-vendee.com\/resultats-du-week-end-du-8-mars\/\",\"name\":\"R\u00e9sultats du week-end du 8 mars - Triathlon Saint Jean de Monts | Vend\u00e9e\",\"isPartOf\":{\"@id\":\"https:\/\/triathlon-vendee.com\/#website\"},\"primaryImageOfPage\":{\"@id\":\"https:\/\/triathlon-vendee.com\/resultats-du-week-end-du-8-mars\/#primaryimage\"},\"image\":{\"@id\":\"https:\/\/triathlon-vendee.com\/resultats-du-week-end-du-8-mars\/#primaryimage\"},\"thumbnailUrl\":\"https:\/\/triathlon-vendee.com\/wp-content\/uploads\/2026\/03\/c31e7d2e-05fc-4020-afab-76cadde5ed6c.jpg\",\"datePublished\":\"2026-03-09T15:34:09+00:00\",\"dateModified\":\"2026-03-09T18:23:03+00:00\",\"author\":{\"@id\":\"https:\/\/triathlon-vendee.com\/#\/schema\/person\/9d107f7686584f6afa3c983160b3a01b\"},\"breadcrumb\":{\"@id\":\"https:\/\/triathlon-vendee.com\/resultats-du-week-end-du-8-mars\/#breadcrumb\"},\"inLanguage\":\"fr-FR\",\"potentialAction\":[{\"@type\":\"ReadAction\",\"target\":[\"https:\/\/triathlon-vendee.com\/resultats-du-week-end-du-8-mars\/\"]}]},{\"@type\":\"ImageObject\",\"inLanguage\":\"fr-FR\",\"@id\":\"https:\/\/triathlon-vendee.com\/resultats-du-week-end-du-8-mars\/#primaryimage\",\"url\":\"https:\/\/triathlon-vendee.com\/wp-content\/uploads\/2026\/03\/c31e7d2e-05fc-4020-afab-76cadde5ed6c.jpg\",\"contentUrl\":\"https:\/\/triathlon-vendee.com\/wp-content\/uploads\/2026\/03\/c31e7d2e-05fc-4020-afab-76cadde5ed6c.jpg\",\"width\":1152,\"height\":2048},{\"@type\":\"BreadcrumbList\",\"@id\":\"https:\/\/triathlon-vendee.com\/resultats-du-week-end-du-8-mars\/#breadcrumb\",\"itemListElement\":[{\"@type\":\"ListItem\",\"position\":1,\"name\":\"Accueil\",\"item\":\"https:\/\/triathlon-vendee.com\/\"},{\"@type\":\"ListItem\",\"position\":2,\"name\":\"Athl\u00e9tisme\",\"item\":\"https:\/\/triathlon-vendee.com\/category\/athletisme\/\"},{\"@type\":\"ListItem\",\"position\":3,\"name\":\"R\u00e9sultats du week-end du 8 mars\"}]},{\"@type\":\"WebSite\",\"@id\":\"https:\/\/triathlon-vendee.com\/#website\",\"url\":\"https:\/\/triathlon-vendee.com\/\",\"name\":\"Triathlon Saint Jean de Monts | Vend\u00e9e\",\"description\":\"Club de Triathlon \u00e0 Saint Jean de Monts, en Vend\u00e9e\",\"potentialAction\":[{\"@type\":\"SearchAction\",\"target\":{\"@type\":\"EntryPoint\",\"urlTemplate\":\"https:\/\/triathlon-vendee.com\/?s={search_term_string}\"},\"query-input\":{\"@type\":\"PropertyValueSpecification\",\"valueRequired\":true,\"valueName\":\"search_term_string\"}}],\"inLanguage\":\"fr-FR\"},{\"@type\":\"Person\",\"@id\":\"https:\/\/triathlon-vendee.com\/#\/schema\/person\/9d107f7686584f6afa3c983160b3a01b\",\"name\":\"admin-sjmvta\",\"image\":{\"@type\":\"ImageObject\",\"inLanguage\":\"fr-FR\",\"@id\":\"https:\/\/triathlon-vendee.com\/#\/schema\/person\/image\/\",\"url\":\"https:\/\/secure.gravatar.com\/avatar\/31314afb7c9130785aa094a72be56fd6bc6aa40b79fb8bf72a409574ba67c81d?s=96&d=mm&r=g\",\"contentUrl\":\"https:\/\/secure.gravatar.com\/avatar\/31314afb7c9130785aa094a72be56fd6bc6aa40b79fb8bf72a409574ba67c81d?s=96&d=mm&r=g\",\"caption\":\"admin-sjmvta\"},\"sameAs\":[\"https:\/\/www.facebook.com\/SaintJeanDeMontsTriathlon\",\"https:\/\/www.instagram.com\/sjdm_tri_athle\/\",\"https:\/\/x.com\/https:\/\/twitter.com\/stjeantriathlon?lang=fr\",\"https:\/\/www.youtube.com\/channel\/UCFDdAzjlM9vCb8vNwVedIkw\"],\"url\":\"https:\/\/triathlon-vendee.com\/author\/admin-sjmvta\/\"}]}<\/script>\n<!-- \/ Yoast SEO plugin. -->","yoast_head_json":{"title":"R\u00e9sultats du week-end du 8 mars - Triathlon Saint Jean de Monts | Vend\u00e9e","robots":{"index":"index","follow":"follow","max-snippet":"max-snippet:-1","max-image-preview":"max-image-preview:large","max-video-preview":"max-video-preview:-1"},"canonical":"https:\/\/triathlon-vendee.com\/resultats-du-week-end-du-8-mars\/","og_locale":"fr_FR","og_type":"article","og_title":"R\u00e9sultats du week-end du 8 mars - Triathlon Saint Jean de Monts | Vend\u00e9e","og_description":"Championnats de France Sylver et Laura repr\u00e9sentaient le club au plus haut niveau national ! Du c\u00f4t\u00e9 du Canicross, Laura termine 67\u00e8me au g\u00e9n\u00e9ral et 12\u00e8me de sa cat\u00e9gorie au terme des deux manches. Aux championnats de France de cross, Sylver prend une 295\u00e8me place en 40\u201902. F\u00e9licitations \u00e0 ces deux champions et Volt pour [&hellip;]","og_url":"https:\/\/triathlon-vendee.com\/resultats-du-week-end-du-8-mars\/","og_site_name":"Triathlon Saint Jean de Monts | Vend\u00e9e","article_author":"https:\/\/www.facebook.com\/SaintJeanDeMontsTriathlon","article_published_time":"2026-03-09T15:34:09+00:00","article_modified_time":"2026-03-09T18:23:03+00:00","og_image":[{"width":1152,"height":2048,"url":"https:\/\/triathlon-vendee.com\/wp-content\/uploads\/2026\/03\/c31e7d2e-05fc-4020-afab-76cadde5ed6c.jpg","type":"image\/jpeg"}],"author":"admin-sjmvta","twitter_card":"summary_large_image","twitter_creator":"@https:\/\/twitter.com\/stjeantriathlon?lang=fr","twitter_misc":{"\u00c9crit par":"admin-sjmvta","Dur\u00e9e de lecture estim\u00e9e":"3 minutes"},"schema":{"@context":"https:\/\/schema.org","@graph":[{"@type":"Article","@id":"https:\/\/triathlon-vendee.com\/resultats-du-week-end-du-8-mars\/#article","isPartOf":{"@id":"https:\/\/triathlon-vendee.com\/resultats-du-week-end-du-8-mars\/"},"author":{"name":"admin-sjmvta","@id":"https:\/\/triathlon-vendee.com\/#\/schema\/person\/9d107f7686584f6afa3c983160b3a01b"},"headline":"R\u00e9sultats du week-end du 8 mars","datePublished":"2026-03-09T15:34:09+00:00","dateModified":"2026-03-09T18:23:03+00:00","mainEntityOfPage":{"@id":"https:\/\/triathlon-vendee.com\/resultats-du-week-end-du-8-mars\/"},"wordCount":219,"image":{"@id":"https:\/\/triathlon-vendee.com\/resultats-du-week-end-du-8-mars\/#primaryimage"},"thumbnailUrl":"https:\/\/triathlon-vendee.com\/wp-content\/uploads\/2026\/03\/c31e7d2e-05fc-4020-afab-76cadde5ed6c.jpg","articleSection":["Athl\u00e9tisme","Triathlon"],"inLanguage":"fr-FR"},{"@type":"WebPage","@id":"https:\/\/triathlon-vendee.com\/resultats-du-week-end-du-8-mars\/","url":"https:\/\/triathlon-vendee.com\/resultats-du-week-end-du-8-mars\/","name":"R\u00e9sultats du week-end du 8 mars - Triathlon Saint Jean de Monts | Vend\u00e9e","isPartOf":{"@id":"https:\/\/triathlon-vendee.com\/#website"},"primaryImageOfPage":{"@id":"https:\/\/triathlon-vendee.com\/resultats-du-week-end-du-8-mars\/#primaryimage"},"image":{"@id":"https:\/\/triathlon-vendee.com\/resultats-du-week-end-du-8-mars\/#primaryimage"},"thumbnailUrl":"https:\/\/triathlon-vendee.com\/wp-content\/uploads\/2026\/03\/c31e7d2e-05fc-4020-afab-76cadde5ed6c.jpg","datePublished":"2026-03-09T15:34:09+00:00","dateModified":"2026-03-09T18:23:03+00:00","author":{"@id":"https:\/\/triathlon-vendee.com\/#\/schema\/person\/9d107f7686584f6afa3c983160b3a01b"},"breadcrumb":{"@id":"https:\/\/triathlon-vendee.com\/resultats-du-week-end-du-8-mars\/#breadcrumb"},"inLanguage":"fr-FR","potentialAction":[{"@type":"ReadAction","target":["https:\/\/triathlon-vendee.com\/resultats-du-week-end-du-8-mars\/"]}]},{"@type":"ImageObject","inLanguage":"fr-FR","@id":"https:\/\/triathlon-vendee.com\/resultats-du-week-end-du-8-mars\/#primaryimage","url":"https:\/\/triathlon-vendee.com\/wp-content\/uploads\/2026\/03\/c31e7d2e-05fc-4020-afab-76cadde5ed6c.jpg","contentUrl":"https:\/\/triathlon-vendee.com\/wp-content\/uploads\/2026\/03\/c31e7d2e-05fc-4020-afab-76cadde5ed6c.jpg","width":1152,"height":2048},{"@type":"BreadcrumbList","@id":"https:\/\/triathlon-vendee.com\/resultats-du-week-end-du-8-mars\/#breadcrumb","itemListElement":[{"@type":"ListItem","position":1,"name":"Accueil","item":"https:\/\/triathlon-vendee.com\/"},{"@type":"ListItem","position":2,"name":"Athl\u00e9tisme","item":"https:\/\/triathlon-vendee.com\/category\/athletisme\/"},{"@type":"ListItem","position":3,"name":"R\u00e9sultats du week-end du 8 mars"}]},{"@type":"WebSite","@id":"https:\/\/triathlon-vendee.com\/#website","url":"https:\/\/triathlon-vendee.com\/","name":"Triathlon Saint Jean de Monts | Vend\u00e9e","description":"Club de Triathlon \u00e0 Saint Jean de Monts, en Vend\u00e9e","potentialAction":[{"@type":"SearchAction","target":{"@type":"EntryPoint","urlTemplate":"https:\/\/triathlon-vendee.com\/?s={search_term_string}"},"query-input":{"@type":"PropertyValueSpecification","valueRequired":true,"valueName":"search_term_string"}}],"inLanguage":"fr-FR"},{"@type":"Person","@id":"https:\/\/triathlon-vendee.com\/#\/schema\/person\/9d107f7686584f6afa3c983160b3a01b","name":"admin-sjmvta","image":{"@type":"ImageObject","inLanguage":"fr-FR","@id":"https:\/\/triathlon-vendee.com\/#\/schema\/person\/image\/","url":"https:\/\/secure.gravatar.com\/avatar\/31314afb7c9130785aa094a72be56fd6bc6aa40b79fb8bf72a409574ba67c81d?s=96&d=mm&r=g","contentUrl":"https:\/\/secure.gravatar.com\/avatar\/31314afb7c9130785aa094a72be56fd6bc6aa40b79fb8bf72a409574ba67c81d?s=96&d=mm&r=g","caption":"admin-sjmvta"},"sameAs":["https:\/\/www.facebook.com\/SaintJeanDeMontsTriathlon","https:\/\/www.instagram.com\/sjdm_tri_athle\/","https:\/\/x.com\/https:\/\/twitter.com\/stjeantriathlon?lang=fr","https:\/\/www.youtube.com\/channel\/UCFDdAzjlM9vCb8vNwVedIkw"],"url":"https:\/\/triathlon-vendee.com\/author\/admin-sjmvta\/"}]}},"_links":{"self":[{"href":"https:\/\/triathlon-vendee.com\/api\/wp\/v2\/posts\/233707","targetHints":{"allow":["GET"]}}],"collection":[{"href":"https:\/\/triathlon-vendee.com\/api\/wp\/v2\/posts"}],"about":[{"href":"https:\/\/triathlon-vendee.com\/api\/wp\/v2\/types\/post"}],"author":[{"embeddable":true,"href":"https:\/\/triathlon-vendee.com\/api\/wp\/v2\/users\/2"}],"replies":[{"embeddable":true,"href":"https:\/\/triathlon-vendee.com\/api\/wp\/v2\/comments?post=233707"}],"version-history":[{"count":7,"href":"https:\/\/triathlon-vendee.com\/api\/wp\/v2\/posts\/233707\/revisions"}],"predecessor-version":[{"id":233720,"href":"https:\/\/triathlon-vendee.com\/api\/wp\/v2\/posts\/233707\/revisions\/233720"}],"wp:featuredmedia":[{"embeddable":true,"href":"https:\/\/triathlon-vendee.com\/api\/wp\/v2\/media\/233714"}],"wp:attachment":[{"href":"https:\/\/triathlon-vendee.com\/api\/wp\/v2\/media?parent=233707"}],"wp:term":[{"taxonomy":"category","embeddable":true,"href":"https:\/\/triathlon-vendee.com\/api\/wp\/v2\/categories?post=233707"},{"taxonomy":"post_tag","embeddable":true,"href":"https:\/\/triathlon-vendee.com\/api\/wp\/v2\/tags?post=233707"}],"curies":[{"name":"wp","href":"https:\/\/api.w.org\/{rel}","templated":true}]}}