{"id":232660,"date":"2025-07-15T16:46:49","date_gmt":"2025-07-15T14:46:49","guid":{"rendered":"https:\/\/triathlon-vendee.com\/?p=232660"},"modified":"2025-07-15T17:02:24","modified_gmt":"2025-07-15T15:02:24","slug":"resultats-du-week-end-du-14-juillet-2025","status":"publish","type":"post","link":"https:\/\/triathlon-vendee.com\/resultats-du-week-end-du-14-juillet-2025\/","title":{"rendered":"R\u00e9sultats du week-end du 14 juillet 2025"},"content":{"rendered":"<p><strong>World Triathlon Para Cup Magog<\/strong><br \/>\nAu terme d\u2019une course tr\u00e8s \u00e9prouvante dans des conditions difficiles, Gwladys monte sur la 2\u00e8me marche du podium en 01:14:39. Solide !<br \/>\n<strong>WTCS Hambourg<\/strong><br \/>\nNos \u00e9lites s\u2019illustrent sur l\u2019une des manches les plus relev\u00e9es du circuit mondial :<br \/>\n\u2022 7\u00e8me \u2013 Max Stapley<br \/>\n\u2022 15\u00e8me \u2013 Mark Devay<br \/>\n\u2022 25\u00e8me \u2013 Tayler Reid<br \/>\n\u2022 31\u00e8me \u2013 Roberto Sanchez Mantecon<br \/>\n\u2022 32\u00e8me \u2013 Alberto Gonzalez Garcia<br \/>\n<strong>Altriman dans les Pyr\u00e9n\u00e9es<\/strong><br \/>\n7 montois sont finishers sur ce triathlon en montagne<br \/>\n\u2022 Fran\u00e7ois Gautron \u2013 5h06<br \/>\n\u2022 Freddy Lardi\u00e8re, Justine Courant &amp; Arnaud Piberne \u2013 5h49 (tir group\u00e9)<br \/>\n\u2022 J\u00e9r\u00f4me Cailleau \u2013 5h54<br \/>\n\u2022 S\u00e9bastien Avril \u2013 6h11<br \/>\n\u2022 Guillaume Ferr\u00e9 \u2013 6h34 (mention sp\u00e9ciale maillot \u00e0 pois !)<br \/>\n<strong>Ultramarin \u2013 175 km<\/strong><br \/>\nJ\u00e9r\u00f4me Flandrin termine \u00e0 la 312\u00e8me place sur 1880 finishers, en 26h. Une belle le\u00e7on de r\u00e9sistance sous la chaleur bretonne.<br \/>\n<strong>La Foresti\u00e8re, Trail \u00e0 St Laurent sur S\u00e8vre<\/strong><br \/>\nBravo \u00e0 Maureen Gauthier pour sa belle 1\u00e8re place.<br \/>\nMention sp\u00e9ciale \u00e0 nos jeunes supporters pr\u00e9sents sur la <strong>8\u00e8me \u00e9tape du Tour de France<\/strong> : entre d\u00e9guisements hauts en couleur et banderoles maison, ils ont port\u00e9 les couleurs du club sur la plus c\u00e9l\u00e8bre course du monde\u2026<br \/>\nBravo \u00e0 toutes et tous pour votre engagement sur tous les formats !<br \/>\n<img loading=\"lazy\" decoding=\"async\" class=\"alignnone size-medium wp-image-232669\" src=\"https:\/\/triathlon-vendee.com\/wp-content\/uploads\/2025\/07\/868ccac4-07db-4144-a988-3439871b4a7a-300x225.jpg\" alt=\"\" width=\"300\" height=\"225\" \/><br \/>\n<img loading=\"lazy\" decoding=\"async\" class=\"alignnone size-medium wp-image-232671\" src=\"https:\/\/triathlon-vendee.com\/wp-content\/uploads\/2025\/07\/bdd7014a-2857-4510-ae59-251d025060aa-300x138.jpg\" alt=\"\" width=\"300\" height=\"138\" \/><br \/>\n<img loading=\"lazy\" decoding=\"async\" class=\"alignnone size-medium wp-image-232667\" src=\"https:\/\/triathlon-vendee.com\/wp-content\/uploads\/2025\/07\/78bcd38d-a2a0-44a7-ae4b-5ae945adb1eb-168x300.jpg\" alt=\"\" width=\"168\" height=\"300\" \/><br \/>\n<img loading=\"lazy\" decoding=\"async\" class=\"alignnone size-medium wp-image-232664\" src=\"https:\/\/triathlon-vendee.com\/wp-content\/uploads\/2025\/07\/7b9d6cc9-36ab-4eb7-a42b-bf44f848bacc-300x300.jpg\" alt=\"\" width=\"300\" height=\"300\" \/><br \/>\n<img loading=\"lazy\" decoding=\"async\" class=\"alignnone size-medium wp-image-232663\" src=\"https:\/\/triathlon-vendee.com\/wp-content\/uploads\/2025\/07\/3e7895b3-44b5-40d9-a55b-e1a62b32bf67-300x300.jpg\" alt=\"\" width=\"300\" height=\"300\" \/><br \/>\n<img loading=\"lazy\" decoding=\"async\" class=\"alignnone size-medium wp-image-232662\" src=\"https:\/\/triathlon-vendee.com\/wp-content\/uploads\/2025\/07\/2d1e49e5-6e4f-4f63-94af-9995d049b221-300x300.jpg\" alt=\"\" width=\"300\" height=\"300\" \/><br \/>\n<img loading=\"lazy\" decoding=\"async\" class=\"alignnone size-medium wp-image-232665\" src=\"https:\/\/triathlon-vendee.com\/wp-content\/uploads\/2025\/07\/9b912561-da0e-4d63-a178-7c17fd935e71-225x300.jpg\" alt=\"\" width=\"225\" height=\"300\" \/><br \/>\n<img loading=\"lazy\" decoding=\"async\" class=\"alignnone size-medium wp-image-232668\" src=\"https:\/\/triathlon-vendee.com\/wp-content\/uploads\/2025\/07\/552cfbc6-ec1c-49b3-b4f3-1352190cdf1f-225x300.jpg\" alt=\"\" width=\"225\" height=\"300\" \/><br \/>\n<img loading=\"lazy\" decoding=\"async\" class=\"alignnone size-medium wp-image-232666\" src=\"https:\/\/triathlon-vendee.com\/wp-content\/uploads\/2025\/07\/77da03cf-1a6f-48fc-ba5a-6fca502295f5-300x300.jpg\" alt=\"\" width=\"300\" height=\"300\" \/><\/p>\n","protected":false},"excerpt":{"rendered":"<p>World Triathlon Para Cup Magog Au terme d\u2019une course tr\u00e8s \u00e9prouvante dans des conditions difficiles, Gwladys monte sur la 2\u00e8me marche du podium en 01:14:39. Solide ! WTCS Hambourg Nos \u00e9lites s\u2019illustrent sur l\u2019une des manches les plus relev\u00e9es du circuit mondial : \u2022 7\u00e8me \u2013 Max Stapley \u2022 15\u00e8me \u2013 Mark Devay \u2022 25\u00e8me [&hellip;]<\/p>\n","protected":false},"author":2,"featured_media":232670,"comment_status":"closed","ping_status":"closed","sticky":false,"template":"","format":"standard","meta":{"_et_pb_use_builder":"","_et_pb_old_content":"","_et_gb_content_width":"","footnotes":""},"categories":[1],"tags":[],"class_list":["post-232660","post","type-post","status-publish","format-standard","has-post-thumbnail","hentry","category-triathlon"],"yoast_head":"<!-- This site is optimized with the Yoast SEO plugin v26.7 - https:\/\/yoast.com\/wordpress\/plugins\/seo\/ -->\n<title>R\u00e9sultats du week-end du 14 juillet 2025 - Triathlon Saint Jean de Monts | Vend\u00e9e<\/title>\n<meta name=\"robots\" content=\"index, follow, max-snippet:-1, max-image-preview:large, max-video-preview:-1\" \/>\n<link rel=\"canonical\" href=\"https:\/\/triathlon-vendee.com\/resultats-du-week-end-du-14-juillet-2025\/\" \/>\n<meta property=\"og:locale\" content=\"fr_FR\" \/>\n<meta property=\"og:type\" content=\"article\" \/>\n<meta property=\"og:title\" content=\"R\u00e9sultats du week-end du 14 juillet 2025 - Triathlon Saint Jean de Monts | Vend\u00e9e\" \/>\n<meta property=\"og:description\" content=\"World Triathlon Para Cup Magog Au terme d\u2019une course tr\u00e8s \u00e9prouvante dans des conditions difficiles, Gwladys monte sur la 2\u00e8me marche du podium en 01:14:39. Solide ! WTCS Hambourg Nos \u00e9lites s\u2019illustrent sur l\u2019une des manches les plus relev\u00e9es du circuit mondial : \u2022 7\u00e8me \u2013 Max Stapley \u2022 15\u00e8me \u2013 Mark Devay \u2022 25\u00e8me [&hellip;]\" \/>\n<meta property=\"og:url\" content=\"https:\/\/triathlon-vendee.com\/resultats-du-week-end-du-14-juillet-2025\/\" \/>\n<meta property=\"og:site_name\" content=\"Triathlon Saint Jean de Monts | Vend\u00e9e\" \/>\n<meta property=\"article:author\" content=\"https:\/\/www.facebook.com\/SaintJeanDeMontsTriathlon\" \/>\n<meta property=\"article:published_time\" content=\"2025-07-15T14:46:49+00:00\" \/>\n<meta property=\"article:modified_time\" content=\"2025-07-15T15:02:24+00:00\" \/>\n<meta property=\"og:image\" content=\"https:\/\/triathlon-vendee.com\/wp-content\/uploads\/2025\/07\/4376fb06-97b5-4e56-8cb4-4645336237d4.jpg\" \/>\n\t<meta property=\"og:image:width\" content=\"599\" \/>\n\t<meta property=\"og:image:height\" content=\"799\" \/>\n\t<meta property=\"og:image:type\" content=\"image\/jpeg\" \/>\n<meta name=\"author\" content=\"admin-sjmvta\" \/>\n<meta name=\"twitter:card\" content=\"summary_large_image\" \/>\n<meta name=\"twitter:creator\" content=\"@https:\/\/twitter.com\/stjeantriathlon?lang=fr\" \/>\n<meta name=\"twitter:label1\" content=\"\u00c9crit par\" \/>\n\t<meta name=\"twitter:data1\" content=\"admin-sjmvta\" \/>\n\t<meta name=\"twitter:label2\" content=\"Dur\u00e9e de lecture estim\u00e9e\" \/>\n\t<meta name=\"twitter:data2\" content=\"4 minutes\" \/>\n<script type=\"application\/ld+json\" class=\"yoast-schema-graph\">{\"@context\":\"https:\/\/schema.org\",\"@graph\":[{\"@type\":\"Article\",\"@id\":\"https:\/\/triathlon-vendee.com\/resultats-du-week-end-du-14-juillet-2025\/#article\",\"isPartOf\":{\"@id\":\"https:\/\/triathlon-vendee.com\/resultats-du-week-end-du-14-juillet-2025\/\"},\"author\":{\"name\":\"admin-sjmvta\",\"@id\":\"https:\/\/triathlon-vendee.com\/#\/schema\/person\/9d107f7686584f6afa3c983160b3a01b\"},\"headline\":\"R\u00e9sultats du week-end du 14 juillet 2025\",\"datePublished\":\"2025-07-15T14:46:49+00:00\",\"dateModified\":\"2025-07-15T15:02:24+00:00\",\"mainEntityOfPage\":{\"@id\":\"https:\/\/triathlon-vendee.com\/resultats-du-week-end-du-14-juillet-2025\/\"},\"wordCount\":208,\"image\":{\"@id\":\"https:\/\/triathlon-vendee.com\/resultats-du-week-end-du-14-juillet-2025\/#primaryimage\"},\"thumbnailUrl\":\"https:\/\/triathlon-vendee.com\/wp-content\/uploads\/2025\/07\/4376fb06-97b5-4e56-8cb4-4645336237d4.jpg\",\"articleSection\":[\"Triathlon\"],\"inLanguage\":\"fr-FR\"},{\"@type\":\"WebPage\",\"@id\":\"https:\/\/triathlon-vendee.com\/resultats-du-week-end-du-14-juillet-2025\/\",\"url\":\"https:\/\/triathlon-vendee.com\/resultats-du-week-end-du-14-juillet-2025\/\",\"name\":\"R\u00e9sultats du week-end du 14 juillet 2025 - Triathlon Saint Jean de Monts | Vend\u00e9e\",\"isPartOf\":{\"@id\":\"https:\/\/triathlon-vendee.com\/#website\"},\"primaryImageOfPage\":{\"@id\":\"https:\/\/triathlon-vendee.com\/resultats-du-week-end-du-14-juillet-2025\/#primaryimage\"},\"image\":{\"@id\":\"https:\/\/triathlon-vendee.com\/resultats-du-week-end-du-14-juillet-2025\/#primaryimage\"},\"thumbnailUrl\":\"https:\/\/triathlon-vendee.com\/wp-content\/uploads\/2025\/07\/4376fb06-97b5-4e56-8cb4-4645336237d4.jpg\",\"datePublished\":\"2025-07-15T14:46:49+00:00\",\"dateModified\":\"2025-07-15T15:02:24+00:00\",\"author\":{\"@id\":\"https:\/\/triathlon-vendee.com\/#\/schema\/person\/9d107f7686584f6afa3c983160b3a01b\"},\"breadcrumb\":{\"@id\":\"https:\/\/triathlon-vendee.com\/resultats-du-week-end-du-14-juillet-2025\/#breadcrumb\"},\"inLanguage\":\"fr-FR\",\"potentialAction\":[{\"@type\":\"ReadAction\",\"target\":[\"https:\/\/triathlon-vendee.com\/resultats-du-week-end-du-14-juillet-2025\/\"]}]},{\"@type\":\"ImageObject\",\"inLanguage\":\"fr-FR\",\"@id\":\"https:\/\/triathlon-vendee.com\/resultats-du-week-end-du-14-juillet-2025\/#primaryimage\",\"url\":\"https:\/\/triathlon-vendee.com\/wp-content\/uploads\/2025\/07\/4376fb06-97b5-4e56-8cb4-4645336237d4.jpg\",\"contentUrl\":\"https:\/\/triathlon-vendee.com\/wp-content\/uploads\/2025\/07\/4376fb06-97b5-4e56-8cb4-4645336237d4.jpg\",\"width\":599,\"height\":799},{\"@type\":\"BreadcrumbList\",\"@id\":\"https:\/\/triathlon-vendee.com\/resultats-du-week-end-du-14-juillet-2025\/#breadcrumb\",\"itemListElement\":[{\"@type\":\"ListItem\",\"position\":1,\"name\":\"Accueil\",\"item\":\"https:\/\/triathlon-vendee.com\/\"},{\"@type\":\"ListItem\",\"position\":2,\"name\":\"Triathlon\",\"item\":\"https:\/\/triathlon-vendee.com\/category\/triathlon\/\"},{\"@type\":\"ListItem\",\"position\":3,\"name\":\"R\u00e9sultats du week-end du 14 juillet 2025\"}]},{\"@type\":\"WebSite\",\"@id\":\"https:\/\/triathlon-vendee.com\/#website\",\"url\":\"https:\/\/triathlon-vendee.com\/\",\"name\":\"Triathlon Saint Jean de Monts | Vend\u00e9e\",\"description\":\"Club de Triathlon \u00e0 Saint Jean de Monts, en Vend\u00e9e\",\"potentialAction\":[{\"@type\":\"SearchAction\",\"target\":{\"@type\":\"EntryPoint\",\"urlTemplate\":\"https:\/\/triathlon-vendee.com\/?s={search_term_string}\"},\"query-input\":{\"@type\":\"PropertyValueSpecification\",\"valueRequired\":true,\"valueName\":\"search_term_string\"}}],\"inLanguage\":\"fr-FR\"},{\"@type\":\"Person\",\"@id\":\"https:\/\/triathlon-vendee.com\/#\/schema\/person\/9d107f7686584f6afa3c983160b3a01b\",\"name\":\"admin-sjmvta\",\"image\":{\"@type\":\"ImageObject\",\"inLanguage\":\"fr-FR\",\"@id\":\"https:\/\/triathlon-vendee.com\/#\/schema\/person\/image\/\",\"url\":\"https:\/\/secure.gravatar.com\/avatar\/31314afb7c9130785aa094a72be56fd6bc6aa40b79fb8bf72a409574ba67c81d?s=96&d=mm&r=g\",\"contentUrl\":\"https:\/\/secure.gravatar.com\/avatar\/31314afb7c9130785aa094a72be56fd6bc6aa40b79fb8bf72a409574ba67c81d?s=96&d=mm&r=g\",\"caption\":\"admin-sjmvta\"},\"sameAs\":[\"https:\/\/www.facebook.com\/SaintJeanDeMontsTriathlon\",\"https:\/\/www.instagram.com\/sjdm_tri_athle\/\",\"https:\/\/x.com\/https:\/\/twitter.com\/stjeantriathlon?lang=fr\",\"https:\/\/www.youtube.com\/channel\/UCFDdAzjlM9vCb8vNwVedIkw\"],\"url\":\"https:\/\/triathlon-vendee.com\/author\/admin-sjmvta\/\"}]}<\/script>\n<!-- \/ Yoast SEO plugin. -->","yoast_head_json":{"title":"R\u00e9sultats du week-end du 14 juillet 2025 - Triathlon Saint Jean de Monts | Vend\u00e9e","robots":{"index":"index","follow":"follow","max-snippet":"max-snippet:-1","max-image-preview":"max-image-preview:large","max-video-preview":"max-video-preview:-1"},"canonical":"https:\/\/triathlon-vendee.com\/resultats-du-week-end-du-14-juillet-2025\/","og_locale":"fr_FR","og_type":"article","og_title":"R\u00e9sultats du week-end du 14 juillet 2025 - Triathlon Saint Jean de Monts | Vend\u00e9e","og_description":"World Triathlon Para Cup Magog Au terme d\u2019une course tr\u00e8s \u00e9prouvante dans des conditions difficiles, Gwladys monte sur la 2\u00e8me marche du podium en 01:14:39. Solide ! WTCS Hambourg Nos \u00e9lites s\u2019illustrent sur l\u2019une des manches les plus relev\u00e9es du circuit mondial : \u2022 7\u00e8me \u2013 Max Stapley \u2022 15\u00e8me \u2013 Mark Devay \u2022 25\u00e8me [&hellip;]","og_url":"https:\/\/triathlon-vendee.com\/resultats-du-week-end-du-14-juillet-2025\/","og_site_name":"Triathlon Saint Jean de Monts | Vend\u00e9e","article_author":"https:\/\/www.facebook.com\/SaintJeanDeMontsTriathlon","article_published_time":"2025-07-15T14:46:49+00:00","article_modified_time":"2025-07-15T15:02:24+00:00","og_image":[{"width":599,"height":799,"url":"https:\/\/triathlon-vendee.com\/wp-content\/uploads\/2025\/07\/4376fb06-97b5-4e56-8cb4-4645336237d4.jpg","type":"image\/jpeg"}],"author":"admin-sjmvta","twitter_card":"summary_large_image","twitter_creator":"@https:\/\/twitter.com\/stjeantriathlon?lang=fr","twitter_misc":{"\u00c9crit par":"admin-sjmvta","Dur\u00e9e de lecture estim\u00e9e":"4 minutes"},"schema":{"@context":"https:\/\/schema.org","@graph":[{"@type":"Article","@id":"https:\/\/triathlon-vendee.com\/resultats-du-week-end-du-14-juillet-2025\/#article","isPartOf":{"@id":"https:\/\/triathlon-vendee.com\/resultats-du-week-end-du-14-juillet-2025\/"},"author":{"name":"admin-sjmvta","@id":"https:\/\/triathlon-vendee.com\/#\/schema\/person\/9d107f7686584f6afa3c983160b3a01b"},"headline":"R\u00e9sultats du week-end du 14 juillet 2025","datePublished":"2025-07-15T14:46:49+00:00","dateModified":"2025-07-15T15:02:24+00:00","mainEntityOfPage":{"@id":"https:\/\/triathlon-vendee.com\/resultats-du-week-end-du-14-juillet-2025\/"},"wordCount":208,"image":{"@id":"https:\/\/triathlon-vendee.com\/resultats-du-week-end-du-14-juillet-2025\/#primaryimage"},"thumbnailUrl":"https:\/\/triathlon-vendee.com\/wp-content\/uploads\/2025\/07\/4376fb06-97b5-4e56-8cb4-4645336237d4.jpg","articleSection":["Triathlon"],"inLanguage":"fr-FR"},{"@type":"WebPage","@id":"https:\/\/triathlon-vendee.com\/resultats-du-week-end-du-14-juillet-2025\/","url":"https:\/\/triathlon-vendee.com\/resultats-du-week-end-du-14-juillet-2025\/","name":"R\u00e9sultats du week-end du 14 juillet 2025 - Triathlon Saint Jean de Monts | Vend\u00e9e","isPartOf":{"@id":"https:\/\/triathlon-vendee.com\/#website"},"primaryImageOfPage":{"@id":"https:\/\/triathlon-vendee.com\/resultats-du-week-end-du-14-juillet-2025\/#primaryimage"},"image":{"@id":"https:\/\/triathlon-vendee.com\/resultats-du-week-end-du-14-juillet-2025\/#primaryimage"},"thumbnailUrl":"https:\/\/triathlon-vendee.com\/wp-content\/uploads\/2025\/07\/4376fb06-97b5-4e56-8cb4-4645336237d4.jpg","datePublished":"2025-07-15T14:46:49+00:00","dateModified":"2025-07-15T15:02:24+00:00","author":{"@id":"https:\/\/triathlon-vendee.com\/#\/schema\/person\/9d107f7686584f6afa3c983160b3a01b"},"breadcrumb":{"@id":"https:\/\/triathlon-vendee.com\/resultats-du-week-end-du-14-juillet-2025\/#breadcrumb"},"inLanguage":"fr-FR","potentialAction":[{"@type":"ReadAction","target":["https:\/\/triathlon-vendee.com\/resultats-du-week-end-du-14-juillet-2025\/"]}]},{"@type":"ImageObject","inLanguage":"fr-FR","@id":"https:\/\/triathlon-vendee.com\/resultats-du-week-end-du-14-juillet-2025\/#primaryimage","url":"https:\/\/triathlon-vendee.com\/wp-content\/uploads\/2025\/07\/4376fb06-97b5-4e56-8cb4-4645336237d4.jpg","contentUrl":"https:\/\/triathlon-vendee.com\/wp-content\/uploads\/2025\/07\/4376fb06-97b5-4e56-8cb4-4645336237d4.jpg","width":599,"height":799},{"@type":"BreadcrumbList","@id":"https:\/\/triathlon-vendee.com\/resultats-du-week-end-du-14-juillet-2025\/#breadcrumb","itemListElement":[{"@type":"ListItem","position":1,"name":"Accueil","item":"https:\/\/triathlon-vendee.com\/"},{"@type":"ListItem","position":2,"name":"Triathlon","item":"https:\/\/triathlon-vendee.com\/category\/triathlon\/"},{"@type":"ListItem","position":3,"name":"R\u00e9sultats du week-end du 14 juillet 2025"}]},{"@type":"WebSite","@id":"https:\/\/triathlon-vendee.com\/#website","url":"https:\/\/triathlon-vendee.com\/","name":"Triathlon Saint Jean de Monts | Vend\u00e9e","description":"Club de Triathlon \u00e0 Saint Jean de Monts, en Vend\u00e9e","potentialAction":[{"@type":"SearchAction","target":{"@type":"EntryPoint","urlTemplate":"https:\/\/triathlon-vendee.com\/?s={search_term_string}"},"query-input":{"@type":"PropertyValueSpecification","valueRequired":true,"valueName":"search_term_string"}}],"inLanguage":"fr-FR"},{"@type":"Person","@id":"https:\/\/triathlon-vendee.com\/#\/schema\/person\/9d107f7686584f6afa3c983160b3a01b","name":"admin-sjmvta","image":{"@type":"ImageObject","inLanguage":"fr-FR","@id":"https:\/\/triathlon-vendee.com\/#\/schema\/person\/image\/","url":"https:\/\/secure.gravatar.com\/avatar\/31314afb7c9130785aa094a72be56fd6bc6aa40b79fb8bf72a409574ba67c81d?s=96&d=mm&r=g","contentUrl":"https:\/\/secure.gravatar.com\/avatar\/31314afb7c9130785aa094a72be56fd6bc6aa40b79fb8bf72a409574ba67c81d?s=96&d=mm&r=g","caption":"admin-sjmvta"},"sameAs":["https:\/\/www.facebook.com\/SaintJeanDeMontsTriathlon","https:\/\/www.instagram.com\/sjdm_tri_athle\/","https:\/\/x.com\/https:\/\/twitter.com\/stjeantriathlon?lang=fr","https:\/\/www.youtube.com\/channel\/UCFDdAzjlM9vCb8vNwVedIkw"],"url":"https:\/\/triathlon-vendee.com\/author\/admin-sjmvta\/"}]}},"_links":{"self":[{"href":"https:\/\/triathlon-vendee.com\/api\/wp\/v2\/posts\/232660","targetHints":{"allow":["GET"]}}],"collection":[{"href":"https:\/\/triathlon-vendee.com\/api\/wp\/v2\/posts"}],"about":[{"href":"https:\/\/triathlon-vendee.com\/api\/wp\/v2\/types\/post"}],"author":[{"embeddable":true,"href":"https:\/\/triathlon-vendee.com\/api\/wp\/v2\/users\/2"}],"replies":[{"embeddable":true,"href":"https:\/\/triathlon-vendee.com\/api\/wp\/v2\/comments?post=232660"}],"version-history":[{"count":3,"href":"https:\/\/triathlon-vendee.com\/api\/wp\/v2\/posts\/232660\/revisions"}],"predecessor-version":[{"id":232673,"href":"https:\/\/triathlon-vendee.com\/api\/wp\/v2\/posts\/232660\/revisions\/232673"}],"wp:featuredmedia":[{"embeddable":true,"href":"https:\/\/triathlon-vendee.com\/api\/wp\/v2\/media\/232670"}],"wp:attachment":[{"href":"https:\/\/triathlon-vendee.com\/api\/wp\/v2\/media?parent=232660"}],"wp:term":[{"taxonomy":"category","embeddable":true,"href":"https:\/\/triathlon-vendee.com\/api\/wp\/v2\/categories?post=232660"},{"taxonomy":"post_tag","embeddable":true,"href":"https:\/\/triathlon-vendee.com\/api\/wp\/v2\/tags?post=232660"}],"curies":[{"name":"wp","href":"https:\/\/api.w.org\/{rel}","templated":true}]}}