{"id":191,"date":"2019-05-28T17:10:19","date_gmt":"2019-05-28T15:10:19","guid":{"rendered":"https:\/\/triathlon-vendee.com\/intervention-de-gwladys-lemoussu-avec-les-ecoles-de-saint-jean-de-monts-et-dorouet\/"},"modified":"2019-05-28T17:10:19","modified_gmt":"2019-05-28T15:10:19","slug":"intervention-de-gwladys-lemoussu-avec-les-ecoles-de-saint-jean-de-monts-et-dorouet","status":"publish","type":"post","link":"https:\/\/triathlon-vendee.com\/intervention-de-gwladys-lemoussu-avec-les-ecoles-de-saint-jean-de-monts-et-dorouet\/","title":{"rendered":"INTERVENTION DE GWLADYS LEMOUSSU AVEC LES ECOLES DE SAINT JEAN DE MONTS ET D&rsquo;OROUET"},"content":{"rendered":"<div class=\"ob-sections\">\n<div class=\"ob-section ob-section-images ob-default\">\n<div class=\"ob-row-1-col\"><a href=\"https:\/\/triathlon-vendee.com\/wp-content\/uploads\/2019\/05\/ob_511160_photo.jpg\" class=\"ob-link-img\"><img decoding=\"async\" src=\"https:\/\/triathlon-vendee.com\/wp-content\/uploads\/2019\/05\/ob_511160_photo.jpg\" alt=\"INTERVENTION&#x20;DE&#x20;GWLADYS&#x20;LEMOUSSU&#x20;AVEC&#x20;LES&#x20;ECOLES&#x20;DE&#x20;SAINT&#x20;JEAN&#x20;DE&#x20;MONTS&#x20;ET&#x20;D&#x27;OROUET\" class=\"ob-cell ob-img ob-media\" \/><\/a><\/div>\n<div class=\"ob-row-1-col\"><a href=\"https:\/\/triathlon-vendee.com\/wp-content\/uploads\/2019\/05\/ob_907e96_photo-3-3.jpg\" class=\"ob-link-img\"><img decoding=\"async\" src=\"https:\/\/triathlon-vendee.com\/wp-content\/uploads\/2019\/05\/ob_907e96_photo-3-3.jpg\" alt=\"INTERVENTION&#x20;DE&#x20;GWLADYS&#x20;LEMOUSSU&#x20;AVEC&#x20;LES&#x20;ECOLES&#x20;DE&#x20;SAINT&#x20;JEAN&#x20;DE&#x20;MONTS&#x20;ET&#x20;D&#x27;OROUET\" class=\"ob-cell ob-img ob-media\" \/><\/a><\/div>\n<\/div>\n<div class=\"ob-section ob-section-html\">\n<p>Gwladys LEMOUSSU (m&eacute;daill&eacute;e de bronze en paratriathlon aux jeux olympiques de Rio) avait rendez-vous avec les &eacute;coles de Saint Jean de Monts ainsi que l&#39;&eacute;cole d&#39;Orouet.<\/p>\n<p>Une journ&eacute;e tr&egrave;s agr&eacute;able o&ugrave; les enfants ont pu d&eacute;couvrir le parcours de Gwladys LEMOUSSU.<\/p>\n<p>Une partie &eacute;tait consacr&eacute;e a un &eacute;change verbal avec Gwladys, les enfants pouvaient poser toutes les questions qu&#39;ils souhaitaient sur sa vie sportive.<\/p>\n<p>Puis les enfants ont d&eacute;couvert les sports encha&icirc;n&eacute;s gr&acirc;ce au trottinathlon. Un parcours dessin&eacute; au sol leurs permettaient de d&eacute;couvrir le bike and run, le duathlon et m&ecirc;me les transitions en triathlon.<\/p>\n<p>L&#39;occasion de mettre en lumi&egrave;re les sports encha&icirc;n&eacute;s gr&acirc;ce &agrave; l&#39;intervention d&#39;Aur&eacute;lien PAJOT (BF5 triathlon) et &eacute;ducateur &agrave; la ville de Saint Jean de Monts et de Carl PELLICONI (entra&icirc;neur du club).<\/p>\n<p>Les enfants sont repartis avec une belle carte postale d&eacute;dicac&eacute;e de Gwladys LEMOUSSU et des r&ecirc;ves plein la t&ecirc;te.<\/p>\n<p>&nbsp;<\/p>\n<\/div>\n<div class=\"ob-section ob-section-images ob-layout5-4\">\n<div class=\"ob-row-3-col\"><a href=\"https:\/\/img.over-blog-kiwi.com\/1\/14\/22\/67\/20190528\/ob_de84c1_photo-1-7.JPG\" class=\"ob-link-img\"><img decoding=\"async\" class=\"ob-cell ob-img ob-media\" src=\"https:\/\/triathlon-vendee.com\/wp-content\/uploads\/2019\/05\/ob_de84c1_photo-1-7.jpg\" alt=\"INTERVENTION&#x20;DE&#x20;GWLADYS&#x20;LEMOUSSU&#x20;AVEC&#x20;LES&#x20;ECOLES&#x20;DE&#x20;SAINT&#x20;JEAN&#x20;DE&#x20;MONTS&#x20;ET&#x20;D&#x27;OROUET\" \/><\/a><a href=\"https:\/\/img.over-blog-kiwi.com\/1\/14\/22\/67\/20190528\/ob_9cc18e_photo-4-2.JPG\" class=\"ob-link-img\"><img decoding=\"async\" class=\"ob-cell ob-img ob-media\" src=\"https:\/\/triathlon-vendee.com\/wp-content\/uploads\/2019\/05\/ob_9cc18e_photo-4-2.jpg\" alt=\"INTERVENTION&#x20;DE&#x20;GWLADYS&#x20;LEMOUSSU&#x20;AVEC&#x20;LES&#x20;ECOLES&#x20;DE&#x20;SAINT&#x20;JEAN&#x20;DE&#x20;MONTS&#x20;ET&#x20;D&#x27;OROUET\" \/><\/a><a href=\"https:\/\/img.over-blog-kiwi.com\/1\/14\/22\/67\/20190528\/ob_7d3d80_photo-4-3.JPG\" class=\"ob-link-img\"><img decoding=\"async\" class=\"ob-cell ob-img ob-media\" src=\"https:\/\/triathlon-vendee.com\/wp-content\/uploads\/2019\/05\/ob_7d3d80_photo-4-3.jpg\" alt=\"INTERVENTION&#x20;DE&#x20;GWLADYS&#x20;LEMOUSSU&#x20;AVEC&#x20;LES&#x20;ECOLES&#x20;DE&#x20;SAINT&#x20;JEAN&#x20;DE&#x20;MONTS&#x20;ET&#x20;D&#x27;OROUET\" \/><\/a><\/div>\n<div class=\"ob-row-2-col\"><a href=\"https:\/\/img.over-blog-kiwi.com\/1\/14\/22\/67\/20190528\/ob_d63c87_photo-5-1.JPG\" class=\"ob-link-img\"><img decoding=\"async\" class=\"ob-cell ob-img ob-media\" src=\"https:\/\/triathlon-vendee.com\/wp-content\/uploads\/2019\/05\/ob_d63c87_photo-5-1.jpg\" alt=\"INTERVENTION&#x20;DE&#x20;GWLADYS&#x20;LEMOUSSU&#x20;AVEC&#x20;LES&#x20;ECOLES&#x20;DE&#x20;SAINT&#x20;JEAN&#x20;DE&#x20;MONTS&#x20;ET&#x20;D&#x27;OROUET\" \/><\/a><a href=\"https:\/\/img.over-blog-kiwi.com\/1\/14\/22\/67\/20190528\/ob_1c4c40_photo-5-2.JPG\" class=\"ob-link-img\"><img decoding=\"async\" class=\"ob-cell ob-img ob-media\" src=\"https:\/\/triathlon-vendee.com\/wp-content\/uploads\/2019\/05\/ob_1c4c40_photo-5-2.jpg\" alt=\"INTERVENTION&#x20;DE&#x20;GWLADYS&#x20;LEMOUSSU&#x20;AVEC&#x20;LES&#x20;ECOLES&#x20;DE&#x20;SAINT&#x20;JEAN&#x20;DE&#x20;MONTS&#x20;ET&#x20;D&#x27;OROUET\" \/><\/a><\/div>\n<\/div><\/div>\n","protected":false},"excerpt":{"rendered":"<p>Gwladys LEMOUSSU (m&eacute;daill&eacute;e de bronze en paratriathlon aux jeux olympiques de Rio) avait rendez-vous avec les &eacute;coles de Saint Jean de Monts ainsi que l&#39;&eacute;cole d&#39;Orouet. Une journ&eacute;e tr&egrave;s agr&eacute;able o&ugrave; les enfants ont pu d&eacute;couvrir le parcours de Gwladys LEMOUSSU. Une partie &eacute;tait consacr&eacute;e a un &eacute;change verbal avec Gwladys, les enfants pouvaient poser [&hellip;]<\/p>\n","protected":false},"author":1,"featured_media":0,"comment_status":"open","ping_status":"open","sticky":false,"template":"","format":"standard","meta":{"_et_pb_use_builder":"","_et_pb_old_content":"","_et_gb_content_width":"","footnotes":""},"categories":[1],"tags":[],"class_list":["post-191","post","type-post","status-publish","format-standard","hentry","category-triathlon"],"yoast_head":"<!-- This site is optimized with the Yoast SEO plugin v26.7 - https:\/\/yoast.com\/wordpress\/plugins\/seo\/ -->\n<title>INTERVENTION DE GWLADYS LEMOUSSU AVEC LES ECOLES DE SAINT JEAN DE MONTS ET D&#039;OROUET - Triathlon Saint Jean de Monts | Vend\u00e9e<\/title>\n<meta name=\"robots\" content=\"index, follow, max-snippet:-1, max-image-preview:large, max-video-preview:-1\" \/>\n<link rel=\"canonical\" href=\"https:\/\/triathlon-vendee.com\/intervention-de-gwladys-lemoussu-avec-les-ecoles-de-saint-jean-de-monts-et-dorouet\/\" \/>\n<meta property=\"og:locale\" content=\"fr_FR\" \/>\n<meta property=\"og:type\" content=\"article\" \/>\n<meta property=\"og:title\" content=\"INTERVENTION DE GWLADYS LEMOUSSU AVEC LES ECOLES DE SAINT JEAN DE MONTS ET D&#039;OROUET - Triathlon Saint Jean de Monts | Vend\u00e9e\" \/>\n<meta property=\"og:description\" content=\"Gwladys LEMOUSSU (m&eacute;daill&eacute;e de bronze en paratriathlon aux jeux olympiques de Rio) avait rendez-vous avec les &eacute;coles de Saint Jean de Monts ainsi que l&#039;&eacute;cole d&#039;Orouet. Une journ&eacute;e tr&egrave;s agr&eacute;able o&ugrave; les enfants ont pu d&eacute;couvrir le parcours de Gwladys LEMOUSSU. Une partie &eacute;tait consacr&eacute;e a un &eacute;change verbal avec Gwladys, les enfants pouvaient poser [&hellip;]\" \/>\n<meta property=\"og:url\" content=\"https:\/\/triathlon-vendee.com\/intervention-de-gwladys-lemoussu-avec-les-ecoles-de-saint-jean-de-monts-et-dorouet\/\" \/>\n<meta property=\"og:site_name\" content=\"Triathlon Saint Jean de Monts | Vend\u00e9e\" \/>\n<meta property=\"article:published_time\" content=\"2019-05-28T15:10:19+00:00\" \/>\n<meta property=\"og:image\" content=\"https:\/\/triathlon-vendee.com\/wp-content\/uploads\/2019\/05\/ob_511160_photo.jpg\" \/>\n<meta name=\"author\" content=\"admin-triathlon\" \/>\n<meta name=\"twitter:card\" content=\"summary_large_image\" \/>\n<meta name=\"twitter:label1\" content=\"\u00c9crit par\" \/>\n\t<meta name=\"twitter:data1\" content=\"admin-triathlon\" \/>\n\t<meta name=\"twitter:label2\" content=\"Dur\u00e9e de lecture estim\u00e9e\" \/>\n\t<meta name=\"twitter:data2\" content=\"1 minute\" \/>\n<script type=\"application\/ld+json\" class=\"yoast-schema-graph\">{\"@context\":\"https:\/\/schema.org\",\"@graph\":[{\"@type\":\"Article\",\"@id\":\"https:\/\/triathlon-vendee.com\/intervention-de-gwladys-lemoussu-avec-les-ecoles-de-saint-jean-de-monts-et-dorouet\/#article\",\"isPartOf\":{\"@id\":\"https:\/\/triathlon-vendee.com\/intervention-de-gwladys-lemoussu-avec-les-ecoles-de-saint-jean-de-monts-et-dorouet\/\"},\"author\":{\"name\":\"admin-triathlon\",\"@id\":\"https:\/\/triathlon-vendee.com\/#\/schema\/person\/c5a5e3f339b62db4c29bf6f5bbdf5ded\"},\"headline\":\"INTERVENTION DE GWLADYS LEMOUSSU AVEC LES ECOLES DE SAINT JEAN DE MONTS ET D&rsquo;OROUET\",\"datePublished\":\"2019-05-28T15:10:19+00:00\",\"mainEntityOfPage\":{\"@id\":\"https:\/\/triathlon-vendee.com\/intervention-de-gwladys-lemoussu-avec-les-ecoles-de-saint-jean-de-monts-et-dorouet\/\"},\"wordCount\":222,\"commentCount\":0,\"image\":{\"@id\":\"https:\/\/triathlon-vendee.com\/intervention-de-gwladys-lemoussu-avec-les-ecoles-de-saint-jean-de-monts-et-dorouet\/#primaryimage\"},\"thumbnailUrl\":\"https:\/\/triathlon-vendee.com\/wp-content\/uploads\/2019\/05\/ob_511160_photo.jpg\",\"articleSection\":[\"Triathlon\"],\"inLanguage\":\"fr-FR\",\"potentialAction\":[{\"@type\":\"CommentAction\",\"name\":\"Comment\",\"target\":[\"https:\/\/triathlon-vendee.com\/intervention-de-gwladys-lemoussu-avec-les-ecoles-de-saint-jean-de-monts-et-dorouet\/#respond\"]}]},{\"@type\":\"WebPage\",\"@id\":\"https:\/\/triathlon-vendee.com\/intervention-de-gwladys-lemoussu-avec-les-ecoles-de-saint-jean-de-monts-et-dorouet\/\",\"url\":\"https:\/\/triathlon-vendee.com\/intervention-de-gwladys-lemoussu-avec-les-ecoles-de-saint-jean-de-monts-et-dorouet\/\",\"name\":\"INTERVENTION DE GWLADYS LEMOUSSU AVEC LES ECOLES DE SAINT JEAN DE MONTS ET D'OROUET - Triathlon Saint Jean de Monts | Vend\u00e9e\",\"isPartOf\":{\"@id\":\"https:\/\/triathlon-vendee.com\/#website\"},\"primaryImageOfPage\":{\"@id\":\"https:\/\/triathlon-vendee.com\/intervention-de-gwladys-lemoussu-avec-les-ecoles-de-saint-jean-de-monts-et-dorouet\/#primaryimage\"},\"image\":{\"@id\":\"https:\/\/triathlon-vendee.com\/intervention-de-gwladys-lemoussu-avec-les-ecoles-de-saint-jean-de-monts-et-dorouet\/#primaryimage\"},\"thumbnailUrl\":\"https:\/\/triathlon-vendee.com\/wp-content\/uploads\/2019\/05\/ob_511160_photo.jpg\",\"datePublished\":\"2019-05-28T15:10:19+00:00\",\"author\":{\"@id\":\"https:\/\/triathlon-vendee.com\/#\/schema\/person\/c5a5e3f339b62db4c29bf6f5bbdf5ded\"},\"breadcrumb\":{\"@id\":\"https:\/\/triathlon-vendee.com\/intervention-de-gwladys-lemoussu-avec-les-ecoles-de-saint-jean-de-monts-et-dorouet\/#breadcrumb\"},\"inLanguage\":\"fr-FR\",\"potentialAction\":[{\"@type\":\"ReadAction\",\"target\":[\"https:\/\/triathlon-vendee.com\/intervention-de-gwladys-lemoussu-avec-les-ecoles-de-saint-jean-de-monts-et-dorouet\/\"]}]},{\"@type\":\"ImageObject\",\"inLanguage\":\"fr-FR\",\"@id\":\"https:\/\/triathlon-vendee.com\/intervention-de-gwladys-lemoussu-avec-les-ecoles-de-saint-jean-de-monts-et-dorouet\/#primaryimage\",\"url\":\"https:\/\/triathlon-vendee.com\/wp-content\/uploads\/2019\/05\/ob_511160_photo.jpg\",\"contentUrl\":\"https:\/\/triathlon-vendee.com\/wp-content\/uploads\/2019\/05\/ob_511160_photo.jpg\",\"width\":640,\"height\":480},{\"@type\":\"BreadcrumbList\",\"@id\":\"https:\/\/triathlon-vendee.com\/intervention-de-gwladys-lemoussu-avec-les-ecoles-de-saint-jean-de-monts-et-dorouet\/#breadcrumb\",\"itemListElement\":[{\"@type\":\"ListItem\",\"position\":1,\"name\":\"Accueil\",\"item\":\"https:\/\/triathlon-vendee.com\/\"},{\"@type\":\"ListItem\",\"position\":2,\"name\":\"Triathlon\",\"item\":\"https:\/\/triathlon-vendee.com\/category\/triathlon\/\"},{\"@type\":\"ListItem\",\"position\":3,\"name\":\"INTERVENTION DE GWLADYS LEMOUSSU AVEC LES ECOLES DE SAINT JEAN DE MONTS ET D&rsquo;OROUET\"}]},{\"@type\":\"WebSite\",\"@id\":\"https:\/\/triathlon-vendee.com\/#website\",\"url\":\"https:\/\/triathlon-vendee.com\/\",\"name\":\"Triathlon Saint Jean de Monts | Vend\u00e9e\",\"description\":\"Club de Triathlon \u00e0 Saint Jean de Monts, en Vend\u00e9e\",\"potentialAction\":[{\"@type\":\"SearchAction\",\"target\":{\"@type\":\"EntryPoint\",\"urlTemplate\":\"https:\/\/triathlon-vendee.com\/?s={search_term_string}\"},\"query-input\":{\"@type\":\"PropertyValueSpecification\",\"valueRequired\":true,\"valueName\":\"search_term_string\"}}],\"inLanguage\":\"fr-FR\"},{\"@type\":\"Person\",\"@id\":\"https:\/\/triathlon-vendee.com\/#\/schema\/person\/c5a5e3f339b62db4c29bf6f5bbdf5ded\",\"name\":\"admin-triathlon\",\"image\":{\"@type\":\"ImageObject\",\"inLanguage\":\"fr-FR\",\"@id\":\"https:\/\/triathlon-vendee.com\/#\/schema\/person\/image\/\",\"url\":\"https:\/\/secure.gravatar.com\/avatar\/b7e7818f3bc4056d29730c8b49b56e37487cafa62e85d34ee719e66093981a2f?s=96&d=mm&r=g\",\"contentUrl\":\"https:\/\/secure.gravatar.com\/avatar\/b7e7818f3bc4056d29730c8b49b56e37487cafa62e85d34ee719e66093981a2f?s=96&d=mm&r=g\",\"caption\":\"admin-triathlon\"},\"url\":\"https:\/\/triathlon-vendee.com\/author\/admin-triathlon\/\"}]}<\/script>\n<!-- \/ Yoast SEO plugin. -->","yoast_head_json":{"title":"INTERVENTION DE GWLADYS LEMOUSSU AVEC LES ECOLES DE SAINT JEAN DE MONTS ET D'OROUET - Triathlon Saint Jean de Monts | Vend\u00e9e","robots":{"index":"index","follow":"follow","max-snippet":"max-snippet:-1","max-image-preview":"max-image-preview:large","max-video-preview":"max-video-preview:-1"},"canonical":"https:\/\/triathlon-vendee.com\/intervention-de-gwladys-lemoussu-avec-les-ecoles-de-saint-jean-de-monts-et-dorouet\/","og_locale":"fr_FR","og_type":"article","og_title":"INTERVENTION DE GWLADYS LEMOUSSU AVEC LES ECOLES DE SAINT JEAN DE MONTS ET D'OROUET - Triathlon Saint Jean de Monts | Vend\u00e9e","og_description":"Gwladys LEMOUSSU (m&eacute;daill&eacute;e de bronze en paratriathlon aux jeux olympiques de Rio) avait rendez-vous avec les &eacute;coles de Saint Jean de Monts ainsi que l&#39;&eacute;cole d&#39;Orouet. Une journ&eacute;e tr&egrave;s agr&eacute;able o&ugrave; les enfants ont pu d&eacute;couvrir le parcours de Gwladys LEMOUSSU. Une partie &eacute;tait consacr&eacute;e a un &eacute;change verbal avec Gwladys, les enfants pouvaient poser [&hellip;]","og_url":"https:\/\/triathlon-vendee.com\/intervention-de-gwladys-lemoussu-avec-les-ecoles-de-saint-jean-de-monts-et-dorouet\/","og_site_name":"Triathlon Saint Jean de Monts | Vend\u00e9e","article_published_time":"2019-05-28T15:10:19+00:00","og_image":[{"url":"https:\/\/triathlon-vendee.com\/wp-content\/uploads\/2019\/05\/ob_511160_photo.jpg","type":"","width":"","height":""}],"author":"admin-triathlon","twitter_card":"summary_large_image","twitter_misc":{"\u00c9crit par":"admin-triathlon","Dur\u00e9e de lecture estim\u00e9e":"1 minute"},"schema":{"@context":"https:\/\/schema.org","@graph":[{"@type":"Article","@id":"https:\/\/triathlon-vendee.com\/intervention-de-gwladys-lemoussu-avec-les-ecoles-de-saint-jean-de-monts-et-dorouet\/#article","isPartOf":{"@id":"https:\/\/triathlon-vendee.com\/intervention-de-gwladys-lemoussu-avec-les-ecoles-de-saint-jean-de-monts-et-dorouet\/"},"author":{"name":"admin-triathlon","@id":"https:\/\/triathlon-vendee.com\/#\/schema\/person\/c5a5e3f339b62db4c29bf6f5bbdf5ded"},"headline":"INTERVENTION DE GWLADYS LEMOUSSU AVEC LES ECOLES DE SAINT JEAN DE MONTS ET D&rsquo;OROUET","datePublished":"2019-05-28T15:10:19+00:00","mainEntityOfPage":{"@id":"https:\/\/triathlon-vendee.com\/intervention-de-gwladys-lemoussu-avec-les-ecoles-de-saint-jean-de-monts-et-dorouet\/"},"wordCount":222,"commentCount":0,"image":{"@id":"https:\/\/triathlon-vendee.com\/intervention-de-gwladys-lemoussu-avec-les-ecoles-de-saint-jean-de-monts-et-dorouet\/#primaryimage"},"thumbnailUrl":"https:\/\/triathlon-vendee.com\/wp-content\/uploads\/2019\/05\/ob_511160_photo.jpg","articleSection":["Triathlon"],"inLanguage":"fr-FR","potentialAction":[{"@type":"CommentAction","name":"Comment","target":["https:\/\/triathlon-vendee.com\/intervention-de-gwladys-lemoussu-avec-les-ecoles-de-saint-jean-de-monts-et-dorouet\/#respond"]}]},{"@type":"WebPage","@id":"https:\/\/triathlon-vendee.com\/intervention-de-gwladys-lemoussu-avec-les-ecoles-de-saint-jean-de-monts-et-dorouet\/","url":"https:\/\/triathlon-vendee.com\/intervention-de-gwladys-lemoussu-avec-les-ecoles-de-saint-jean-de-monts-et-dorouet\/","name":"INTERVENTION DE GWLADYS LEMOUSSU AVEC LES ECOLES DE SAINT JEAN DE MONTS ET D'OROUET - Triathlon Saint Jean de Monts | Vend\u00e9e","isPartOf":{"@id":"https:\/\/triathlon-vendee.com\/#website"},"primaryImageOfPage":{"@id":"https:\/\/triathlon-vendee.com\/intervention-de-gwladys-lemoussu-avec-les-ecoles-de-saint-jean-de-monts-et-dorouet\/#primaryimage"},"image":{"@id":"https:\/\/triathlon-vendee.com\/intervention-de-gwladys-lemoussu-avec-les-ecoles-de-saint-jean-de-monts-et-dorouet\/#primaryimage"},"thumbnailUrl":"https:\/\/triathlon-vendee.com\/wp-content\/uploads\/2019\/05\/ob_511160_photo.jpg","datePublished":"2019-05-28T15:10:19+00:00","author":{"@id":"https:\/\/triathlon-vendee.com\/#\/schema\/person\/c5a5e3f339b62db4c29bf6f5bbdf5ded"},"breadcrumb":{"@id":"https:\/\/triathlon-vendee.com\/intervention-de-gwladys-lemoussu-avec-les-ecoles-de-saint-jean-de-monts-et-dorouet\/#breadcrumb"},"inLanguage":"fr-FR","potentialAction":[{"@type":"ReadAction","target":["https:\/\/triathlon-vendee.com\/intervention-de-gwladys-lemoussu-avec-les-ecoles-de-saint-jean-de-monts-et-dorouet\/"]}]},{"@type":"ImageObject","inLanguage":"fr-FR","@id":"https:\/\/triathlon-vendee.com\/intervention-de-gwladys-lemoussu-avec-les-ecoles-de-saint-jean-de-monts-et-dorouet\/#primaryimage","url":"https:\/\/triathlon-vendee.com\/wp-content\/uploads\/2019\/05\/ob_511160_photo.jpg","contentUrl":"https:\/\/triathlon-vendee.com\/wp-content\/uploads\/2019\/05\/ob_511160_photo.jpg","width":640,"height":480},{"@type":"BreadcrumbList","@id":"https:\/\/triathlon-vendee.com\/intervention-de-gwladys-lemoussu-avec-les-ecoles-de-saint-jean-de-monts-et-dorouet\/#breadcrumb","itemListElement":[{"@type":"ListItem","position":1,"name":"Accueil","item":"https:\/\/triathlon-vendee.com\/"},{"@type":"ListItem","position":2,"name":"Triathlon","item":"https:\/\/triathlon-vendee.com\/category\/triathlon\/"},{"@type":"ListItem","position":3,"name":"INTERVENTION DE GWLADYS LEMOUSSU AVEC LES ECOLES DE SAINT JEAN DE MONTS ET D&rsquo;OROUET"}]},{"@type":"WebSite","@id":"https:\/\/triathlon-vendee.com\/#website","url":"https:\/\/triathlon-vendee.com\/","name":"Triathlon Saint Jean de Monts | Vend\u00e9e","description":"Club de Triathlon \u00e0 Saint Jean de Monts, en Vend\u00e9e","potentialAction":[{"@type":"SearchAction","target":{"@type":"EntryPoint","urlTemplate":"https:\/\/triathlon-vendee.com\/?s={search_term_string}"},"query-input":{"@type":"PropertyValueSpecification","valueRequired":true,"valueName":"search_term_string"}}],"inLanguage":"fr-FR"},{"@type":"Person","@id":"https:\/\/triathlon-vendee.com\/#\/schema\/person\/c5a5e3f339b62db4c29bf6f5bbdf5ded","name":"admin-triathlon","image":{"@type":"ImageObject","inLanguage":"fr-FR","@id":"https:\/\/triathlon-vendee.com\/#\/schema\/person\/image\/","url":"https:\/\/secure.gravatar.com\/avatar\/b7e7818f3bc4056d29730c8b49b56e37487cafa62e85d34ee719e66093981a2f?s=96&d=mm&r=g","contentUrl":"https:\/\/secure.gravatar.com\/avatar\/b7e7818f3bc4056d29730c8b49b56e37487cafa62e85d34ee719e66093981a2f?s=96&d=mm&r=g","caption":"admin-triathlon"},"url":"https:\/\/triathlon-vendee.com\/author\/admin-triathlon\/"}]}},"_links":{"self":[{"href":"https:\/\/triathlon-vendee.com\/api\/wp\/v2\/posts\/191","targetHints":{"allow":["GET"]}}],"collection":[{"href":"https:\/\/triathlon-vendee.com\/api\/wp\/v2\/posts"}],"about":[{"href":"https:\/\/triathlon-vendee.com\/api\/wp\/v2\/types\/post"}],"author":[{"embeddable":true,"href":"https:\/\/triathlon-vendee.com\/api\/wp\/v2\/users\/1"}],"replies":[{"embeddable":true,"href":"https:\/\/triathlon-vendee.com\/api\/wp\/v2\/comments?post=191"}],"version-history":[{"count":0,"href":"https:\/\/triathlon-vendee.com\/api\/wp\/v2\/posts\/191\/revisions"}],"wp:attachment":[{"href":"https:\/\/triathlon-vendee.com\/api\/wp\/v2\/media?parent=191"}],"wp:term":[{"taxonomy":"category","embeddable":true,"href":"https:\/\/triathlon-vendee.com\/api\/wp\/v2\/categories?post=191"},{"taxonomy":"post_tag","embeddable":true,"href":"https:\/\/triathlon-vendee.com\/api\/wp\/v2\/tags?post=191"}],"curies":[{"name":"wp","href":"https:\/\/api.w.org\/{rel}","templated":true}]}}