{"id":1233,"date":"2010-10-02T18:45:00","date_gmt":"2010-10-02T16:45:00","guid":{"rendered":"https:\/\/triathlon-vendee.com\/j-1-barcelone-challenge-maresme\/"},"modified":"2010-10-02T18:45:00","modified_gmt":"2010-10-02T16:45:00","slug":"j-1-barcelone-challenge-maresme","status":"publish","type":"post","link":"https:\/\/triathlon-vendee.com\/j-1-barcelone-challenge-maresme\/","title":{"rendered":"J-1 Barcelone Challenge Maresme"},"content":{"rendered":"<div class=\"ob-sections\">\n<div class=\"ob-section ob-section-html\">\n<p style=\"text-align: justify; margin: 0cm 0cm 10pt;\"> <span style=\"font-family: &quot;Arial&quot;,&quot;sans-serif&quot;;\"><span style=\"font-size: 12pt;\"><span style=\"color: #000000;\"><span style=\"color: #0000ff; font-size: 10pt;\"><a onclick= \"return !window.open(this);\" href=\"http:\/\/idata.over-blog.com\/0\/29\/97\/54\/Photo-article\/Photo-article-0338.JPG\"><img height=\"179\" width=\"300\" src= \"http:\/\/img.over-blog.com\/300x179\/0\/29\/97\/54\/Photo-article\/Photo-article-0338.JPG\" alt=\"Photo-article-0338.JPG\" class=\"GcheTexte\"><\/a>Apr\u00e8s la d\u00e9pose des v\u00e9los au parc vers 14h30, le stress de<a onclick=\"return !window.open(this);\" href=\"http:\/\/idata.over-blog.com\/0\/29\/97\/54\/Photo-article\/yann-rocheteau-en-2009.jpg\"><img height=\"242\" width=\"170\" src= \"http:\/\/img.over-blog.com\/170x242\/0\/29\/97\/54\/Photo-article\/yann-rocheteau-en-2009.jpg\" alt=\"yann-rocheteau-en-2009.jpg\" class=\"DrteTexte\"><\/a> nos 18&nbsp;Ironmans est d\u2019une intensit\u00e9 tr\u00e8s palpables. Demain matin l\u2019ambiance sera certainement plus coule apr\u00e8s le d\u00e9part qui sera donn\u00e9 \u00e0 7h00. Au regard de la t\u00eate de notre ami et voisin Yann Rocheteau (Les Sables Vend\u00e9e Tri) en 2009, cela parait \u00eatre une partie de plaisir&#8230;<\/span><\/span><\/span><\/span> <a onclick=\"return !window.open(this);\" href=\"http:\/\/idata.over-blog.com\/0\/29\/97\/54\/Photo-article\/2009.jpg\"><img loading=\"lazy\" decoding=\"async\" height=\"170\" width=\"254\" src=\"http:\/\/img.over-blog.com\/254x170\/0\/29\/97\/54\/Photo-article\/2009.jpg\" alt=\"2009.jpg\" class=\"DrteTexte\"><\/a> <\/p>\n<\/div><\/div>\n","protected":false},"excerpt":{"rendered":"<p>Apr\u00e8s la d\u00e9pose des v\u00e9los au parc vers 14h30, le stress de nos 18&nbsp;Ironmans est d\u2019une intensit\u00e9 tr\u00e8s palpables. Demain matin l\u2019ambiance sera certainement plus coule apr\u00e8s le d\u00e9part qui sera donn\u00e9 \u00e0 7h00. Au regard de la t\u00eate de notre ami et voisin Yann Rocheteau (Les Sables Vend\u00e9e Tri) en 2009, cela parait \u00eatre [&hellip;]<\/p>\n","protected":false},"author":1,"featured_media":0,"comment_status":"open","ping_status":"open","sticky":false,"template":"","format":"standard","meta":{"_et_pb_use_builder":"","_et_pb_old_content":"","_et_gb_content_width":"","footnotes":""},"categories":[1],"tags":[],"class_list":["post-1233","post","type-post","status-publish","format-standard","hentry","category-triathlon"],"yoast_head":"<!-- This site is optimized with the Yoast SEO plugin v26.7 - https:\/\/yoast.com\/wordpress\/plugins\/seo\/ -->\n<title>J-1 Barcelone Challenge Maresme - Triathlon Saint Jean de Monts | Vend\u00e9e<\/title>\n<meta name=\"robots\" content=\"index, follow, max-snippet:-1, max-image-preview:large, max-video-preview:-1\" \/>\n<link rel=\"canonical\" href=\"https:\/\/triathlon-vendee.com\/j-1-barcelone-challenge-maresme\/\" \/>\n<meta property=\"og:locale\" content=\"fr_FR\" \/>\n<meta property=\"og:type\" content=\"article\" \/>\n<meta property=\"og:title\" content=\"J-1 Barcelone Challenge Maresme - Triathlon Saint Jean de Monts | Vend\u00e9e\" \/>\n<meta property=\"og:description\" content=\"Apr\u00e8s la d\u00e9pose des v\u00e9los au parc vers 14h30, le stress de nos 18&nbsp;Ironmans est d\u2019une intensit\u00e9 tr\u00e8s palpables. Demain matin l\u2019ambiance sera certainement plus coule apr\u00e8s le d\u00e9part qui sera donn\u00e9 \u00e0 7h00. Au regard de la t\u00eate de notre ami et voisin Yann Rocheteau (Les Sables Vend\u00e9e Tri) en 2009, cela parait \u00eatre [&hellip;]\" \/>\n<meta property=\"og:url\" content=\"https:\/\/triathlon-vendee.com\/j-1-barcelone-challenge-maresme\/\" \/>\n<meta property=\"og:site_name\" content=\"Triathlon Saint Jean de Monts | Vend\u00e9e\" \/>\n<meta property=\"article:published_time\" content=\"2010-10-02T16:45:00+00:00\" \/>\n<meta property=\"og:image\" content=\"http:\/\/img.over-blog.com\/254x170\/0\/29\/97\/54\/Photo-article\/2009.jpg\" \/>\n<meta name=\"author\" content=\"admin-triathlon\" \/>\n<meta name=\"twitter:card\" content=\"summary_large_image\" \/>\n<meta name=\"twitter:label1\" content=\"\u00c9crit par\" \/>\n\t<meta name=\"twitter:data1\" content=\"admin-triathlon\" \/>\n<script type=\"application\/ld+json\" class=\"yoast-schema-graph\">{\"@context\":\"https:\/\/schema.org\",\"@graph\":[{\"@type\":\"Article\",\"@id\":\"https:\/\/triathlon-vendee.com\/j-1-barcelone-challenge-maresme\/#article\",\"isPartOf\":{\"@id\":\"https:\/\/triathlon-vendee.com\/j-1-barcelone-challenge-maresme\/\"},\"author\":{\"name\":\"admin-triathlon\",\"@id\":\"https:\/\/triathlon-vendee.com\/#\/schema\/person\/c5a5e3f339b62db4c29bf6f5bbdf5ded\"},\"headline\":\"J-1 Barcelone Challenge Maresme\",\"datePublished\":\"2010-10-02T16:45:00+00:00\",\"mainEntityOfPage\":{\"@id\":\"https:\/\/triathlon-vendee.com\/j-1-barcelone-challenge-maresme\/\"},\"wordCount\":72,\"commentCount\":0,\"image\":{\"@id\":\"https:\/\/triathlon-vendee.com\/j-1-barcelone-challenge-maresme\/#primaryimage\"},\"thumbnailUrl\":\"http:\/\/img.over-blog.com\/254x170\/0\/29\/97\/54\/Photo-article\/2009.jpg\",\"articleSection\":[\"Triathlon\"],\"inLanguage\":\"fr-FR\",\"potentialAction\":[{\"@type\":\"CommentAction\",\"name\":\"Comment\",\"target\":[\"https:\/\/triathlon-vendee.com\/j-1-barcelone-challenge-maresme\/#respond\"]}]},{\"@type\":\"WebPage\",\"@id\":\"https:\/\/triathlon-vendee.com\/j-1-barcelone-challenge-maresme\/\",\"url\":\"https:\/\/triathlon-vendee.com\/j-1-barcelone-challenge-maresme\/\",\"name\":\"J-1 Barcelone Challenge Maresme - Triathlon Saint Jean de Monts | Vend\u00e9e\",\"isPartOf\":{\"@id\":\"https:\/\/triathlon-vendee.com\/#website\"},\"primaryImageOfPage\":{\"@id\":\"https:\/\/triathlon-vendee.com\/j-1-barcelone-challenge-maresme\/#primaryimage\"},\"image\":{\"@id\":\"https:\/\/triathlon-vendee.com\/j-1-barcelone-challenge-maresme\/#primaryimage\"},\"thumbnailUrl\":\"http:\/\/img.over-blog.com\/254x170\/0\/29\/97\/54\/Photo-article\/2009.jpg\",\"datePublished\":\"2010-10-02T16:45:00+00:00\",\"author\":{\"@id\":\"https:\/\/triathlon-vendee.com\/#\/schema\/person\/c5a5e3f339b62db4c29bf6f5bbdf5ded\"},\"breadcrumb\":{\"@id\":\"https:\/\/triathlon-vendee.com\/j-1-barcelone-challenge-maresme\/#breadcrumb\"},\"inLanguage\":\"fr-FR\",\"potentialAction\":[{\"@type\":\"ReadAction\",\"target\":[\"https:\/\/triathlon-vendee.com\/j-1-barcelone-challenge-maresme\/\"]}]},{\"@type\":\"ImageObject\",\"inLanguage\":\"fr-FR\",\"@id\":\"https:\/\/triathlon-vendee.com\/j-1-barcelone-challenge-maresme\/#primaryimage\",\"url\":\"http:\/\/img.over-blog.com\/254x170\/0\/29\/97\/54\/Photo-article\/2009.jpg\",\"contentUrl\":\"http:\/\/img.over-blog.com\/254x170\/0\/29\/97\/54\/Photo-article\/2009.jpg\"},{\"@type\":\"BreadcrumbList\",\"@id\":\"https:\/\/triathlon-vendee.com\/j-1-barcelone-challenge-maresme\/#breadcrumb\",\"itemListElement\":[{\"@type\":\"ListItem\",\"position\":1,\"name\":\"Accueil\",\"item\":\"https:\/\/triathlon-vendee.com\/\"},{\"@type\":\"ListItem\",\"position\":2,\"name\":\"Triathlon\",\"item\":\"https:\/\/triathlon-vendee.com\/category\/triathlon\/\"},{\"@type\":\"ListItem\",\"position\":3,\"name\":\"J-1 Barcelone Challenge Maresme\"}]},{\"@type\":\"WebSite\",\"@id\":\"https:\/\/triathlon-vendee.com\/#website\",\"url\":\"https:\/\/triathlon-vendee.com\/\",\"name\":\"Triathlon Saint Jean de Monts | Vend\u00e9e\",\"description\":\"Club de Triathlon \u00e0 Saint Jean de Monts, en Vend\u00e9e\",\"potentialAction\":[{\"@type\":\"SearchAction\",\"target\":{\"@type\":\"EntryPoint\",\"urlTemplate\":\"https:\/\/triathlon-vendee.com\/?s={search_term_string}\"},\"query-input\":{\"@type\":\"PropertyValueSpecification\",\"valueRequired\":true,\"valueName\":\"search_term_string\"}}],\"inLanguage\":\"fr-FR\"},{\"@type\":\"Person\",\"@id\":\"https:\/\/triathlon-vendee.com\/#\/schema\/person\/c5a5e3f339b62db4c29bf6f5bbdf5ded\",\"name\":\"admin-triathlon\",\"image\":{\"@type\":\"ImageObject\",\"inLanguage\":\"fr-FR\",\"@id\":\"https:\/\/triathlon-vendee.com\/#\/schema\/person\/image\/\",\"url\":\"https:\/\/secure.gravatar.com\/avatar\/b7e7818f3bc4056d29730c8b49b56e37487cafa62e85d34ee719e66093981a2f?s=96&d=mm&r=g\",\"contentUrl\":\"https:\/\/secure.gravatar.com\/avatar\/b7e7818f3bc4056d29730c8b49b56e37487cafa62e85d34ee719e66093981a2f?s=96&d=mm&r=g\",\"caption\":\"admin-triathlon\"},\"url\":\"https:\/\/triathlon-vendee.com\/author\/admin-triathlon\/\"}]}<\/script>\n<!-- \/ Yoast SEO plugin. -->","yoast_head_json":{"title":"J-1 Barcelone Challenge Maresme - Triathlon Saint Jean de Monts | Vend\u00e9e","robots":{"index":"index","follow":"follow","max-snippet":"max-snippet:-1","max-image-preview":"max-image-preview:large","max-video-preview":"max-video-preview:-1"},"canonical":"https:\/\/triathlon-vendee.com\/j-1-barcelone-challenge-maresme\/","og_locale":"fr_FR","og_type":"article","og_title":"J-1 Barcelone Challenge Maresme - Triathlon Saint Jean de Monts | Vend\u00e9e","og_description":"Apr\u00e8s la d\u00e9pose des v\u00e9los au parc vers 14h30, le stress de nos 18&nbsp;Ironmans est d\u2019une intensit\u00e9 tr\u00e8s palpables. Demain matin l\u2019ambiance sera certainement plus coule apr\u00e8s le d\u00e9part qui sera donn\u00e9 \u00e0 7h00. Au regard de la t\u00eate de notre ami et voisin Yann Rocheteau (Les Sables Vend\u00e9e Tri) en 2009, cela parait \u00eatre [&hellip;]","og_url":"https:\/\/triathlon-vendee.com\/j-1-barcelone-challenge-maresme\/","og_site_name":"Triathlon Saint Jean de Monts | Vend\u00e9e","article_published_time":"2010-10-02T16:45:00+00:00","og_image":[{"url":"http:\/\/img.over-blog.com\/254x170\/0\/29\/97\/54\/Photo-article\/2009.jpg","type":"","width":"","height":""}],"author":"admin-triathlon","twitter_card":"summary_large_image","twitter_misc":{"\u00c9crit par":"admin-triathlon"},"schema":{"@context":"https:\/\/schema.org","@graph":[{"@type":"Article","@id":"https:\/\/triathlon-vendee.com\/j-1-barcelone-challenge-maresme\/#article","isPartOf":{"@id":"https:\/\/triathlon-vendee.com\/j-1-barcelone-challenge-maresme\/"},"author":{"name":"admin-triathlon","@id":"https:\/\/triathlon-vendee.com\/#\/schema\/person\/c5a5e3f339b62db4c29bf6f5bbdf5ded"},"headline":"J-1 Barcelone Challenge Maresme","datePublished":"2010-10-02T16:45:00+00:00","mainEntityOfPage":{"@id":"https:\/\/triathlon-vendee.com\/j-1-barcelone-challenge-maresme\/"},"wordCount":72,"commentCount":0,"image":{"@id":"https:\/\/triathlon-vendee.com\/j-1-barcelone-challenge-maresme\/#primaryimage"},"thumbnailUrl":"http:\/\/img.over-blog.com\/254x170\/0\/29\/97\/54\/Photo-article\/2009.jpg","articleSection":["Triathlon"],"inLanguage":"fr-FR","potentialAction":[{"@type":"CommentAction","name":"Comment","target":["https:\/\/triathlon-vendee.com\/j-1-barcelone-challenge-maresme\/#respond"]}]},{"@type":"WebPage","@id":"https:\/\/triathlon-vendee.com\/j-1-barcelone-challenge-maresme\/","url":"https:\/\/triathlon-vendee.com\/j-1-barcelone-challenge-maresme\/","name":"J-1 Barcelone Challenge Maresme - Triathlon Saint Jean de Monts | Vend\u00e9e","isPartOf":{"@id":"https:\/\/triathlon-vendee.com\/#website"},"primaryImageOfPage":{"@id":"https:\/\/triathlon-vendee.com\/j-1-barcelone-challenge-maresme\/#primaryimage"},"image":{"@id":"https:\/\/triathlon-vendee.com\/j-1-barcelone-challenge-maresme\/#primaryimage"},"thumbnailUrl":"http:\/\/img.over-blog.com\/254x170\/0\/29\/97\/54\/Photo-article\/2009.jpg","datePublished":"2010-10-02T16:45:00+00:00","author":{"@id":"https:\/\/triathlon-vendee.com\/#\/schema\/person\/c5a5e3f339b62db4c29bf6f5bbdf5ded"},"breadcrumb":{"@id":"https:\/\/triathlon-vendee.com\/j-1-barcelone-challenge-maresme\/#breadcrumb"},"inLanguage":"fr-FR","potentialAction":[{"@type":"ReadAction","target":["https:\/\/triathlon-vendee.com\/j-1-barcelone-challenge-maresme\/"]}]},{"@type":"ImageObject","inLanguage":"fr-FR","@id":"https:\/\/triathlon-vendee.com\/j-1-barcelone-challenge-maresme\/#primaryimage","url":"http:\/\/img.over-blog.com\/254x170\/0\/29\/97\/54\/Photo-article\/2009.jpg","contentUrl":"http:\/\/img.over-blog.com\/254x170\/0\/29\/97\/54\/Photo-article\/2009.jpg"},{"@type":"BreadcrumbList","@id":"https:\/\/triathlon-vendee.com\/j-1-barcelone-challenge-maresme\/#breadcrumb","itemListElement":[{"@type":"ListItem","position":1,"name":"Accueil","item":"https:\/\/triathlon-vendee.com\/"},{"@type":"ListItem","position":2,"name":"Triathlon","item":"https:\/\/triathlon-vendee.com\/category\/triathlon\/"},{"@type":"ListItem","position":3,"name":"J-1 Barcelone Challenge Maresme"}]},{"@type":"WebSite","@id":"https:\/\/triathlon-vendee.com\/#website","url":"https:\/\/triathlon-vendee.com\/","name":"Triathlon Saint Jean de Monts | Vend\u00e9e","description":"Club de Triathlon \u00e0 Saint Jean de Monts, en Vend\u00e9e","potentialAction":[{"@type":"SearchAction","target":{"@type":"EntryPoint","urlTemplate":"https:\/\/triathlon-vendee.com\/?s={search_term_string}"},"query-input":{"@type":"PropertyValueSpecification","valueRequired":true,"valueName":"search_term_string"}}],"inLanguage":"fr-FR"},{"@type":"Person","@id":"https:\/\/triathlon-vendee.com\/#\/schema\/person\/c5a5e3f339b62db4c29bf6f5bbdf5ded","name":"admin-triathlon","image":{"@type":"ImageObject","inLanguage":"fr-FR","@id":"https:\/\/triathlon-vendee.com\/#\/schema\/person\/image\/","url":"https:\/\/secure.gravatar.com\/avatar\/b7e7818f3bc4056d29730c8b49b56e37487cafa62e85d34ee719e66093981a2f?s=96&d=mm&r=g","contentUrl":"https:\/\/secure.gravatar.com\/avatar\/b7e7818f3bc4056d29730c8b49b56e37487cafa62e85d34ee719e66093981a2f?s=96&d=mm&r=g","caption":"admin-triathlon"},"url":"https:\/\/triathlon-vendee.com\/author\/admin-triathlon\/"}]}},"_links":{"self":[{"href":"https:\/\/triathlon-vendee.com\/api\/wp\/v2\/posts\/1233","targetHints":{"allow":["GET"]}}],"collection":[{"href":"https:\/\/triathlon-vendee.com\/api\/wp\/v2\/posts"}],"about":[{"href":"https:\/\/triathlon-vendee.com\/api\/wp\/v2\/types\/post"}],"author":[{"embeddable":true,"href":"https:\/\/triathlon-vendee.com\/api\/wp\/v2\/users\/1"}],"replies":[{"embeddable":true,"href":"https:\/\/triathlon-vendee.com\/api\/wp\/v2\/comments?post=1233"}],"version-history":[{"count":0,"href":"https:\/\/triathlon-vendee.com\/api\/wp\/v2\/posts\/1233\/revisions"}],"wp:attachment":[{"href":"https:\/\/triathlon-vendee.com\/api\/wp\/v2\/media?parent=1233"}],"wp:term":[{"taxonomy":"category","embeddable":true,"href":"https:\/\/triathlon-vendee.com\/api\/wp\/v2\/categories?post=1233"},{"taxonomy":"post_tag","embeddable":true,"href":"https:\/\/triathlon-vendee.com\/api\/wp\/v2\/tags?post=1233"}],"curies":[{"name":"wp","href":"https:\/\/api.w.org\/{rel}","templated":true}]}}