{"id":1193,"date":"2011-04-11T11:51:00","date_gmt":"2011-04-11T09:51:00","guid":{"rendered":"https:\/\/triathlon-vendee.com\/news-du-week-end\/"},"modified":"2011-04-11T11:51:00","modified_gmt":"2011-04-11T09:51:00","slug":"news-du-week-end","status":"publish","type":"post","link":"https:\/\/triathlon-vendee.com\/news-du-week-end\/","title":{"rendered":"NEWS du week-end !"},"content":{"rendered":"<div class=\"ob-sections\">\n<div class=\"ob-section ob-section-html\">\n<p style=\"text-align: left;\"> <span style=\"color: #0000ff;\"><span style=\"text-decoration: underline;\">Duathlon de Chasseneuil dans la Vienne (86)<\/span> : une tr\u00e8s belle victoire de <strong>Serge\u00ef ZELENOV<\/strong>. Apr\u00e8s une premi\u00e8re course \u00e0 pied en 5\u00e8me position, il r\u00e9alise le meilleur chrono sur la partie cycliste (1\u201930 de mieux que le second). Il passe la ligne en vainqueur avec 1\u201928 d\u2019avance en g\u00e9rant la 2\u00e8me course \u00e0 pied.&nbsp; Rendez-vous&nbsp; dimanche pour le duathlon de Saint-Jean-de-Monts avec <strong>Alfred TOROK<\/strong> et <strong>Adam FITZAKERLEY<\/strong>. Ce dernier vient d\u2019arriver \u00e0 Saint-Jean-de-Monts avec sa compagne australienne <strong>Krista MEARES<\/strong>. On pourra les c\u00f4toyer lors des entra\u00eenements.<\/span> <\/p>\n<p style=\"text-align: left;\"> <span style=\"color: #0000ff;\"><span style=\"text-decoration: underline;\">Triathlon ITU de Sydney<\/span> : <strong>Alexander BRUKHANKOV<\/strong> 14\u00e8me , <strong>Ivan TUTUKIN<\/strong> 27\u00e8me , <strong>Kris GEMMELL<\/strong> 40\u00e8me&nbsp; &#8211; <span style=\"text-decoration: underline;\">Triathlon ITU European Cup<\/span> : <strong>Anton RUANOVA<\/strong> 14\u00e8me , <strong>Yohann VINCENT<\/strong> 18\u00e8me , <strong>Pedro Miguel REIG<\/strong> 21\u00e8me. Plus d\u2019infos sur<\/span> <a href=\"http:\/\/www.onlinetri.com\" target=\"_blank\" rel=\"noopener noreferrer\">www.onlinetri.com<br \/><\/a> <\/p>\n<p style=\"text-align: left;\"> <span style=\"color: #0000ff;\"><span style=\"text-decoration: underline;\">Raid VTT environnement<\/span> : plusieurs \u00e9quipes du Saint Jean de Monts VTA participaient \u00e0 ce raid autour du chateau d\u2019Apremont.<\/span> <a href=\"http:\/\/www.laligue85.org\/fr\/ufolep-sports-affinitaires\" target=\"_blank\" rel=\"noopener noreferrer\">R\u00e9sultats et photos<\/a> <\/p>\n<\/div><\/div>\n","protected":false},"excerpt":{"rendered":"<p>Duathlon de Chasseneuil dans la Vienne (86) : une tr\u00e8s belle victoire de Serge\u00ef ZELENOV. Apr\u00e8s une premi\u00e8re course \u00e0 pied en 5\u00e8me position, il r\u00e9alise le meilleur chrono sur la partie cycliste (1\u201930 de mieux que le second). Il passe la ligne en vainqueur avec 1\u201928 d\u2019avance en g\u00e9rant la 2\u00e8me course \u00e0 pied.&nbsp; [&hellip;]<\/p>\n","protected":false},"author":1,"featured_media":0,"comment_status":"open","ping_status":"open","sticky":false,"template":"","format":"standard","meta":{"_et_pb_use_builder":"","_et_pb_old_content":"","_et_gb_content_width":"","footnotes":""},"categories":[1],"tags":[],"class_list":["post-1193","post","type-post","status-publish","format-standard","hentry","category-triathlon"],"yoast_head":"<!-- This site is optimized with the Yoast SEO plugin v26.7 - https:\/\/yoast.com\/wordpress\/plugins\/seo\/ -->\n<title>NEWS du week-end ! - Triathlon Saint Jean de Monts | Vend\u00e9e<\/title>\n<meta name=\"robots\" content=\"index, follow, max-snippet:-1, max-image-preview:large, max-video-preview:-1\" \/>\n<link rel=\"canonical\" href=\"https:\/\/triathlon-vendee.com\/news-du-week-end\/\" \/>\n<meta property=\"og:locale\" content=\"fr_FR\" \/>\n<meta property=\"og:type\" content=\"article\" \/>\n<meta property=\"og:title\" content=\"NEWS du week-end ! - Triathlon Saint Jean de Monts | Vend\u00e9e\" \/>\n<meta property=\"og:description\" content=\"Duathlon de Chasseneuil dans la Vienne (86) : une tr\u00e8s belle victoire de Serge\u00ef ZELENOV. Apr\u00e8s une premi\u00e8re course \u00e0 pied en 5\u00e8me position, il r\u00e9alise le meilleur chrono sur la partie cycliste (1\u201930 de mieux que le second). Il passe la ligne en vainqueur avec 1\u201928 d\u2019avance en g\u00e9rant la 2\u00e8me course \u00e0 pied.&nbsp; [&hellip;]\" \/>\n<meta property=\"og:url\" content=\"https:\/\/triathlon-vendee.com\/news-du-week-end\/\" \/>\n<meta property=\"og:site_name\" content=\"Triathlon Saint Jean de Monts | Vend\u00e9e\" \/>\n<meta property=\"article:published_time\" content=\"2011-04-11T09:51:00+00:00\" \/>\n<meta property=\"og:image\" content=\"https:\/\/triathlon-vendee.com\/wp-content\/uploads\/2020\/12\/Groupe-564@2x.jpg\" \/>\n\t<meta property=\"og:image:width\" content=\"488\" \/>\n\t<meta property=\"og:image:height\" content=\"317\" \/>\n\t<meta property=\"og:image:type\" content=\"image\/jpeg\" \/>\n<meta name=\"author\" content=\"admin-triathlon\" \/>\n<meta name=\"twitter:card\" content=\"summary_large_image\" \/>\n<meta name=\"twitter:label1\" content=\"\u00c9crit par\" \/>\n\t<meta name=\"twitter:data1\" content=\"admin-triathlon\" \/>\n\t<meta name=\"twitter:label2\" content=\"Dur\u00e9e de lecture estim\u00e9e\" \/>\n\t<meta name=\"twitter:data2\" content=\"1 minute\" \/>\n<script type=\"application\/ld+json\" class=\"yoast-schema-graph\">{\"@context\":\"https:\/\/schema.org\",\"@graph\":[{\"@type\":\"Article\",\"@id\":\"https:\/\/triathlon-vendee.com\/news-du-week-end\/#article\",\"isPartOf\":{\"@id\":\"https:\/\/triathlon-vendee.com\/news-du-week-end\/\"},\"author\":{\"name\":\"admin-triathlon\",\"@id\":\"https:\/\/triathlon-vendee.com\/#\/schema\/person\/c5a5e3f339b62db4c29bf6f5bbdf5ded\"},\"headline\":\"NEWS du week-end !\",\"datePublished\":\"2011-04-11T09:51:00+00:00\",\"mainEntityOfPage\":{\"@id\":\"https:\/\/triathlon-vendee.com\/news-du-week-end\/\"},\"wordCount\":153,\"commentCount\":0,\"articleSection\":[\"Triathlon\"],\"inLanguage\":\"fr-FR\",\"potentialAction\":[{\"@type\":\"CommentAction\",\"name\":\"Comment\",\"target\":[\"https:\/\/triathlon-vendee.com\/news-du-week-end\/#respond\"]}]},{\"@type\":\"WebPage\",\"@id\":\"https:\/\/triathlon-vendee.com\/news-du-week-end\/\",\"url\":\"https:\/\/triathlon-vendee.com\/news-du-week-end\/\",\"name\":\"NEWS du week-end ! - Triathlon Saint Jean de Monts | Vend\u00e9e\",\"isPartOf\":{\"@id\":\"https:\/\/triathlon-vendee.com\/#website\"},\"datePublished\":\"2011-04-11T09:51:00+00:00\",\"author\":{\"@id\":\"https:\/\/triathlon-vendee.com\/#\/schema\/person\/c5a5e3f339b62db4c29bf6f5bbdf5ded\"},\"breadcrumb\":{\"@id\":\"https:\/\/triathlon-vendee.com\/news-du-week-end\/#breadcrumb\"},\"inLanguage\":\"fr-FR\",\"potentialAction\":[{\"@type\":\"ReadAction\",\"target\":[\"https:\/\/triathlon-vendee.com\/news-du-week-end\/\"]}]},{\"@type\":\"BreadcrumbList\",\"@id\":\"https:\/\/triathlon-vendee.com\/news-du-week-end\/#breadcrumb\",\"itemListElement\":[{\"@type\":\"ListItem\",\"position\":1,\"name\":\"Accueil\",\"item\":\"https:\/\/triathlon-vendee.com\/\"},{\"@type\":\"ListItem\",\"position\":2,\"name\":\"Triathlon\",\"item\":\"https:\/\/triathlon-vendee.com\/category\/triathlon\/\"},{\"@type\":\"ListItem\",\"position\":3,\"name\":\"NEWS du week-end !\"}]},{\"@type\":\"WebSite\",\"@id\":\"https:\/\/triathlon-vendee.com\/#website\",\"url\":\"https:\/\/triathlon-vendee.com\/\",\"name\":\"Triathlon Saint Jean de Monts | Vend\u00e9e\",\"description\":\"Club de Triathlon \u00e0 Saint Jean de Monts, en Vend\u00e9e\",\"potentialAction\":[{\"@type\":\"SearchAction\",\"target\":{\"@type\":\"EntryPoint\",\"urlTemplate\":\"https:\/\/triathlon-vendee.com\/?s={search_term_string}\"},\"query-input\":{\"@type\":\"PropertyValueSpecification\",\"valueRequired\":true,\"valueName\":\"search_term_string\"}}],\"inLanguage\":\"fr-FR\"},{\"@type\":\"Person\",\"@id\":\"https:\/\/triathlon-vendee.com\/#\/schema\/person\/c5a5e3f339b62db4c29bf6f5bbdf5ded\",\"name\":\"admin-triathlon\",\"image\":{\"@type\":\"ImageObject\",\"inLanguage\":\"fr-FR\",\"@id\":\"https:\/\/triathlon-vendee.com\/#\/schema\/person\/image\/\",\"url\":\"https:\/\/secure.gravatar.com\/avatar\/b7e7818f3bc4056d29730c8b49b56e37487cafa62e85d34ee719e66093981a2f?s=96&d=mm&r=g\",\"contentUrl\":\"https:\/\/secure.gravatar.com\/avatar\/b7e7818f3bc4056d29730c8b49b56e37487cafa62e85d34ee719e66093981a2f?s=96&d=mm&r=g\",\"caption\":\"admin-triathlon\"},\"url\":\"https:\/\/triathlon-vendee.com\/author\/admin-triathlon\/\"}]}<\/script>\n<!-- \/ Yoast SEO plugin. -->","yoast_head_json":{"title":"NEWS du week-end ! - Triathlon Saint Jean de Monts | Vend\u00e9e","robots":{"index":"index","follow":"follow","max-snippet":"max-snippet:-1","max-image-preview":"max-image-preview:large","max-video-preview":"max-video-preview:-1"},"canonical":"https:\/\/triathlon-vendee.com\/news-du-week-end\/","og_locale":"fr_FR","og_type":"article","og_title":"NEWS du week-end ! - Triathlon Saint Jean de Monts | Vend\u00e9e","og_description":"Duathlon de Chasseneuil dans la Vienne (86) : une tr\u00e8s belle victoire de Serge\u00ef ZELENOV. Apr\u00e8s une premi\u00e8re course \u00e0 pied en 5\u00e8me position, il r\u00e9alise le meilleur chrono sur la partie cycliste (1\u201930 de mieux que le second). Il passe la ligne en vainqueur avec 1\u201928 d\u2019avance en g\u00e9rant la 2\u00e8me course \u00e0 pied.&nbsp; [&hellip;]","og_url":"https:\/\/triathlon-vendee.com\/news-du-week-end\/","og_site_name":"Triathlon Saint Jean de Monts | Vend\u00e9e","article_published_time":"2011-04-11T09:51:00+00:00","og_image":[{"width":488,"height":317,"url":"https:\/\/triathlon-vendee.com\/wp-content\/uploads\/2020\/12\/Groupe-564@2x.jpg","type":"image\/jpeg"}],"author":"admin-triathlon","twitter_card":"summary_large_image","twitter_misc":{"\u00c9crit par":"admin-triathlon","Dur\u00e9e de lecture estim\u00e9e":"1 minute"},"schema":{"@context":"https:\/\/schema.org","@graph":[{"@type":"Article","@id":"https:\/\/triathlon-vendee.com\/news-du-week-end\/#article","isPartOf":{"@id":"https:\/\/triathlon-vendee.com\/news-du-week-end\/"},"author":{"name":"admin-triathlon","@id":"https:\/\/triathlon-vendee.com\/#\/schema\/person\/c5a5e3f339b62db4c29bf6f5bbdf5ded"},"headline":"NEWS du week-end !","datePublished":"2011-04-11T09:51:00+00:00","mainEntityOfPage":{"@id":"https:\/\/triathlon-vendee.com\/news-du-week-end\/"},"wordCount":153,"commentCount":0,"articleSection":["Triathlon"],"inLanguage":"fr-FR","potentialAction":[{"@type":"CommentAction","name":"Comment","target":["https:\/\/triathlon-vendee.com\/news-du-week-end\/#respond"]}]},{"@type":"WebPage","@id":"https:\/\/triathlon-vendee.com\/news-du-week-end\/","url":"https:\/\/triathlon-vendee.com\/news-du-week-end\/","name":"NEWS du week-end ! - Triathlon Saint Jean de Monts | Vend\u00e9e","isPartOf":{"@id":"https:\/\/triathlon-vendee.com\/#website"},"datePublished":"2011-04-11T09:51:00+00:00","author":{"@id":"https:\/\/triathlon-vendee.com\/#\/schema\/person\/c5a5e3f339b62db4c29bf6f5bbdf5ded"},"breadcrumb":{"@id":"https:\/\/triathlon-vendee.com\/news-du-week-end\/#breadcrumb"},"inLanguage":"fr-FR","potentialAction":[{"@type":"ReadAction","target":["https:\/\/triathlon-vendee.com\/news-du-week-end\/"]}]},{"@type":"BreadcrumbList","@id":"https:\/\/triathlon-vendee.com\/news-du-week-end\/#breadcrumb","itemListElement":[{"@type":"ListItem","position":1,"name":"Accueil","item":"https:\/\/triathlon-vendee.com\/"},{"@type":"ListItem","position":2,"name":"Triathlon","item":"https:\/\/triathlon-vendee.com\/category\/triathlon\/"},{"@type":"ListItem","position":3,"name":"NEWS du week-end !"}]},{"@type":"WebSite","@id":"https:\/\/triathlon-vendee.com\/#website","url":"https:\/\/triathlon-vendee.com\/","name":"Triathlon Saint Jean de Monts | Vend\u00e9e","description":"Club de Triathlon \u00e0 Saint Jean de Monts, en Vend\u00e9e","potentialAction":[{"@type":"SearchAction","target":{"@type":"EntryPoint","urlTemplate":"https:\/\/triathlon-vendee.com\/?s={search_term_string}"},"query-input":{"@type":"PropertyValueSpecification","valueRequired":true,"valueName":"search_term_string"}}],"inLanguage":"fr-FR"},{"@type":"Person","@id":"https:\/\/triathlon-vendee.com\/#\/schema\/person\/c5a5e3f339b62db4c29bf6f5bbdf5ded","name":"admin-triathlon","image":{"@type":"ImageObject","inLanguage":"fr-FR","@id":"https:\/\/triathlon-vendee.com\/#\/schema\/person\/image\/","url":"https:\/\/secure.gravatar.com\/avatar\/b7e7818f3bc4056d29730c8b49b56e37487cafa62e85d34ee719e66093981a2f?s=96&d=mm&r=g","contentUrl":"https:\/\/secure.gravatar.com\/avatar\/b7e7818f3bc4056d29730c8b49b56e37487cafa62e85d34ee719e66093981a2f?s=96&d=mm&r=g","caption":"admin-triathlon"},"url":"https:\/\/triathlon-vendee.com\/author\/admin-triathlon\/"}]}},"_links":{"self":[{"href":"https:\/\/triathlon-vendee.com\/api\/wp\/v2\/posts\/1193","targetHints":{"allow":["GET"]}}],"collection":[{"href":"https:\/\/triathlon-vendee.com\/api\/wp\/v2\/posts"}],"about":[{"href":"https:\/\/triathlon-vendee.com\/api\/wp\/v2\/types\/post"}],"author":[{"embeddable":true,"href":"https:\/\/triathlon-vendee.com\/api\/wp\/v2\/users\/1"}],"replies":[{"embeddable":true,"href":"https:\/\/triathlon-vendee.com\/api\/wp\/v2\/comments?post=1193"}],"version-history":[{"count":0,"href":"https:\/\/triathlon-vendee.com\/api\/wp\/v2\/posts\/1193\/revisions"}],"wp:attachment":[{"href":"https:\/\/triathlon-vendee.com\/api\/wp\/v2\/media?parent=1193"}],"wp:term":[{"taxonomy":"category","embeddable":true,"href":"https:\/\/triathlon-vendee.com\/api\/wp\/v2\/categories?post=1193"},{"taxonomy":"post_tag","embeddable":true,"href":"https:\/\/triathlon-vendee.com\/api\/wp\/v2\/tags?post=1193"}],"curies":[{"name":"wp","href":"https:\/\/api.w.org\/{rel}","templated":true}]}}