{"id":1158,"date":"2011-06-02T12:32:00","date_gmt":"2011-06-02T10:32:00","guid":{"rendered":"https:\/\/triathlon-vendee.com\/championnat-de-france-jeunes-de-triathlon\/"},"modified":"2011-06-02T12:32:00","modified_gmt":"2011-06-02T10:32:00","slug":"championnat-de-france-jeunes-de-triathlon","status":"publish","type":"post","link":"https:\/\/triathlon-vendee.com\/championnat-de-france-jeunes-de-triathlon\/","title":{"rendered":"Championnat de France Jeunes de Triathlon"},"content":{"rendered":"<div class=\"ob-sections\">\n<div class=\"ob-section ob-section-html\">\n<p style=\"text-align: left;\"> <img loading=\"lazy\" decoding=\"async\" height=\"168\" width=\"300\" src=\"http:\/\/img.over-blog.com\/300x168\/0\/29\/97\/54\/Photo-article\/21-01-2011-002_600.jpg\" alt=\"21-01-2011 002 600\" class=\"GcheTexte\"><span style=\"color: #3366ff;\">Pour la premi\u00e8re fois, le Saint Jean de Monts Vend\u00e9e Triathlon Athl\u00e9tisme aligne 3 coureurs sur le Championnat de France Jeunes de Triathlon qui se d\u00e9roule samedi 4 juin \u00e0 l\u2019Aiguillon sur Mer :<\/span> <\/p>\n<p style=\"text-align: left;\"> <span style=\"color: #3366ff;\">&#8211; Nolwenn MABILEAU en minimes filles (d\u00e9part \u00e0 10h00)<\/span> <\/p>\n<p style=\"text-align: left;\"> <span style=\"color: #3366ff;\">&#8211; Mathis PATRON et Beno\u00eet GOMEZ en cadet gar\u00e7on (d\u00e9part \u00e0 12h45)<\/span> <\/p>\n<p style=\"text-align: left;\"> <span style=\"color: #3366ff;\">Tous les adh\u00e9rents du Saint Jean de Monts Vend\u00e9e Triathlon Athl\u00e9tisme vous adressent tous leurs encouragements pour ce rendez-vous important, mais n\u2019oubliez pas que dans le sport, le plaisir est aussi important que le r\u00e9sultat.<\/span> <\/p>\n<p style=\"text-align: left;\"> <span style=\"color: #3366ff;\">La qualification de Nolwenn, Mathis et Beno\u00eet, est une reconnaissance de la qualit\u00e9 de la formation mise en place par le club depuis de nombreuses ann\u00e9es, confirm\u00e9e par l\u2019obtention du label \u00ab Ecole de Triathlon \u00bb. Les nombreux podiums r\u00e9alis\u00e9s par les jeunes sur les derniers duathlon et triathlon (Jard, La Roche et ceux \u00e0 venir), sont aussi un t\u00e9moin de la bonne sant\u00e9 du club.<\/span> <\/p>\n<p style=\"text-align: left;\"> <span style=\"color: #3366ff;\">Aujourd\u2019hui se sont 49 jeunes triathl\u00e8tes qui sont encadr\u00e9s par une \u00e9quipe de 7 \u00e9ducateurs, avec des s\u00e9ances sp\u00e9cifiques pour tous les \u00e2ges.<\/span> <\/p>\n<p style=\"text-align: left;\"> <span style=\"color: #3366ff;\">Le d\u00e9veloppement de l\u2019\u00e9cole de Triathlon est un pilier fondamental dans la vie du club; l\u2019ensemble du projet club ne pouvant&nbsp; fonctionner sans une logique commune entre les jeunes, les adultes en comp\u00e9titions ou amateurs et l\u2019\u00e9quipe 1.<\/span> <\/p>\n<p style=\"text-align: left;\"> <span style=\"color: #3366ff;\">Ces qualifications t\u00e9moignent de la qualit\u00e9 du travail mis en place par Etienne DECREAU, coordinateur triathlon, avec le groupe jeunes espoirs et Sandrine MORENO pour les plus jeunes.<\/span> <\/p>\n<p style=\"text-align: left;\"> <span style=\"color: #3366ff;\">F\u00e9licitation \u00e0 tous, pour le travail effectu\u00e9, et surtout bonne course \u00e0 Nolwenn, Mathis et Beno\u00eet.<\/span> <\/p>\n<p style=\"text-align: left;\"> Pour toutes les infos sur la course, vous pouvez consulter le communiqu\u00e9 de presse de la FFTRI <a href=\"http:\/\/ddata.over-blog.com\/0\/29\/97\/54\/1200-triathl-tes---l-Aiguillon.pdf\" target=\"_blank\" rel=\"noopener noreferrer\">en cliquant ici<\/a> <\/p>\n<\/div><\/div>\n","protected":false},"excerpt":{"rendered":"<p>Pour la premi\u00e8re fois, le Saint Jean de Monts Vend\u00e9e Triathlon Athl\u00e9tisme aligne 3 coureurs sur le Championnat de France Jeunes de Triathlon qui se d\u00e9roule samedi 4 juin \u00e0 l\u2019Aiguillon sur Mer : &#8211; Nolwenn MABILEAU en minimes filles (d\u00e9part \u00e0 10h00) &#8211; Mathis PATRON et Beno\u00eet GOMEZ en cadet gar\u00e7on (d\u00e9part \u00e0 12h45) [&hellip;]<\/p>\n","protected":false},"author":1,"featured_media":0,"comment_status":"open","ping_status":"open","sticky":false,"template":"","format":"standard","meta":{"_et_pb_use_builder":"","_et_pb_old_content":"","_et_gb_content_width":"","footnotes":""},"categories":[1],"tags":[],"class_list":["post-1158","post","type-post","status-publish","format-standard","hentry","category-triathlon"],"yoast_head":"<!-- This site is optimized with the Yoast SEO plugin v26.7 - https:\/\/yoast.com\/wordpress\/plugins\/seo\/ -->\n<title>Championnat de France Jeunes de Triathlon - Triathlon Saint Jean de Monts | Vend\u00e9e<\/title>\n<meta name=\"robots\" content=\"index, follow, max-snippet:-1, max-image-preview:large, max-video-preview:-1\" \/>\n<link rel=\"canonical\" href=\"https:\/\/triathlon-vendee.com\/championnat-de-france-jeunes-de-triathlon\/\" \/>\n<meta property=\"og:locale\" content=\"fr_FR\" \/>\n<meta property=\"og:type\" content=\"article\" \/>\n<meta property=\"og:title\" content=\"Championnat de France Jeunes de Triathlon - Triathlon Saint Jean de Monts | Vend\u00e9e\" \/>\n<meta property=\"og:description\" content=\"Pour la premi\u00e8re fois, le Saint Jean de Monts Vend\u00e9e Triathlon Athl\u00e9tisme aligne 3 coureurs sur le Championnat de France Jeunes de Triathlon qui se d\u00e9roule samedi 4 juin \u00e0 l\u2019Aiguillon sur Mer : &#8211; Nolwenn MABILEAU en minimes filles (d\u00e9part \u00e0 10h00) &#8211; Mathis PATRON et Beno\u00eet GOMEZ en cadet gar\u00e7on (d\u00e9part \u00e0 12h45) [&hellip;]\" \/>\n<meta property=\"og:url\" content=\"https:\/\/triathlon-vendee.com\/championnat-de-france-jeunes-de-triathlon\/\" \/>\n<meta property=\"og:site_name\" content=\"Triathlon Saint Jean de Monts | Vend\u00e9e\" \/>\n<meta property=\"article:published_time\" content=\"2011-06-02T10:32:00+00:00\" \/>\n<meta property=\"og:image\" content=\"http:\/\/img.over-blog.com\/300x168\/0\/29\/97\/54\/Photo-article\/21-01-2011-002_600.jpg\" \/>\n<meta name=\"author\" content=\"admin-triathlon\" \/>\n<meta name=\"twitter:card\" content=\"summary_large_image\" \/>\n<meta name=\"twitter:label1\" content=\"\u00c9crit par\" \/>\n\t<meta name=\"twitter:data1\" content=\"admin-triathlon\" \/>\n\t<meta name=\"twitter:label2\" content=\"Dur\u00e9e de lecture estim\u00e9e\" \/>\n\t<meta name=\"twitter:data2\" content=\"2 minutes\" \/>\n<script type=\"application\/ld+json\" class=\"yoast-schema-graph\">{\"@context\":\"https:\/\/schema.org\",\"@graph\":[{\"@type\":\"Article\",\"@id\":\"https:\/\/triathlon-vendee.com\/championnat-de-france-jeunes-de-triathlon\/#article\",\"isPartOf\":{\"@id\":\"https:\/\/triathlon-vendee.com\/championnat-de-france-jeunes-de-triathlon\/\"},\"author\":{\"name\":\"admin-triathlon\",\"@id\":\"https:\/\/triathlon-vendee.com\/#\/schema\/person\/c5a5e3f339b62db4c29bf6f5bbdf5ded\"},\"headline\":\"Championnat de France Jeunes de Triathlon\",\"datePublished\":\"2011-06-02T10:32:00+00:00\",\"mainEntityOfPage\":{\"@id\":\"https:\/\/triathlon-vendee.com\/championnat-de-france-jeunes-de-triathlon\/\"},\"wordCount\":308,\"commentCount\":0,\"image\":{\"@id\":\"https:\/\/triathlon-vendee.com\/championnat-de-france-jeunes-de-triathlon\/#primaryimage\"},\"thumbnailUrl\":\"http:\/\/img.over-blog.com\/300x168\/0\/29\/97\/54\/Photo-article\/21-01-2011-002_600.jpg\",\"articleSection\":[\"Triathlon\"],\"inLanguage\":\"fr-FR\",\"potentialAction\":[{\"@type\":\"CommentAction\",\"name\":\"Comment\",\"target\":[\"https:\/\/triathlon-vendee.com\/championnat-de-france-jeunes-de-triathlon\/#respond\"]}]},{\"@type\":\"WebPage\",\"@id\":\"https:\/\/triathlon-vendee.com\/championnat-de-france-jeunes-de-triathlon\/\",\"url\":\"https:\/\/triathlon-vendee.com\/championnat-de-france-jeunes-de-triathlon\/\",\"name\":\"Championnat de France Jeunes de Triathlon - Triathlon Saint Jean de Monts | Vend\u00e9e\",\"isPartOf\":{\"@id\":\"https:\/\/triathlon-vendee.com\/#website\"},\"primaryImageOfPage\":{\"@id\":\"https:\/\/triathlon-vendee.com\/championnat-de-france-jeunes-de-triathlon\/#primaryimage\"},\"image\":{\"@id\":\"https:\/\/triathlon-vendee.com\/championnat-de-france-jeunes-de-triathlon\/#primaryimage\"},\"thumbnailUrl\":\"http:\/\/img.over-blog.com\/300x168\/0\/29\/97\/54\/Photo-article\/21-01-2011-002_600.jpg\",\"datePublished\":\"2011-06-02T10:32:00+00:00\",\"author\":{\"@id\":\"https:\/\/triathlon-vendee.com\/#\/schema\/person\/c5a5e3f339b62db4c29bf6f5bbdf5ded\"},\"breadcrumb\":{\"@id\":\"https:\/\/triathlon-vendee.com\/championnat-de-france-jeunes-de-triathlon\/#breadcrumb\"},\"inLanguage\":\"fr-FR\",\"potentialAction\":[{\"@type\":\"ReadAction\",\"target\":[\"https:\/\/triathlon-vendee.com\/championnat-de-france-jeunes-de-triathlon\/\"]}]},{\"@type\":\"ImageObject\",\"inLanguage\":\"fr-FR\",\"@id\":\"https:\/\/triathlon-vendee.com\/championnat-de-france-jeunes-de-triathlon\/#primaryimage\",\"url\":\"http:\/\/img.over-blog.com\/300x168\/0\/29\/97\/54\/Photo-article\/21-01-2011-002_600.jpg\",\"contentUrl\":\"http:\/\/img.over-blog.com\/300x168\/0\/29\/97\/54\/Photo-article\/21-01-2011-002_600.jpg\"},{\"@type\":\"BreadcrumbList\",\"@id\":\"https:\/\/triathlon-vendee.com\/championnat-de-france-jeunes-de-triathlon\/#breadcrumb\",\"itemListElement\":[{\"@type\":\"ListItem\",\"position\":1,\"name\":\"Accueil\",\"item\":\"https:\/\/triathlon-vendee.com\/\"},{\"@type\":\"ListItem\",\"position\":2,\"name\":\"Triathlon\",\"item\":\"https:\/\/triathlon-vendee.com\/category\/triathlon\/\"},{\"@type\":\"ListItem\",\"position\":3,\"name\":\"Championnat de France Jeunes de Triathlon\"}]},{\"@type\":\"WebSite\",\"@id\":\"https:\/\/triathlon-vendee.com\/#website\",\"url\":\"https:\/\/triathlon-vendee.com\/\",\"name\":\"Triathlon Saint Jean de Monts | Vend\u00e9e\",\"description\":\"Club de Triathlon \u00e0 Saint Jean de Monts, en Vend\u00e9e\",\"potentialAction\":[{\"@type\":\"SearchAction\",\"target\":{\"@type\":\"EntryPoint\",\"urlTemplate\":\"https:\/\/triathlon-vendee.com\/?s={search_term_string}\"},\"query-input\":{\"@type\":\"PropertyValueSpecification\",\"valueRequired\":true,\"valueName\":\"search_term_string\"}}],\"inLanguage\":\"fr-FR\"},{\"@type\":\"Person\",\"@id\":\"https:\/\/triathlon-vendee.com\/#\/schema\/person\/c5a5e3f339b62db4c29bf6f5bbdf5ded\",\"name\":\"admin-triathlon\",\"image\":{\"@type\":\"ImageObject\",\"inLanguage\":\"fr-FR\",\"@id\":\"https:\/\/triathlon-vendee.com\/#\/schema\/person\/image\/\",\"url\":\"https:\/\/secure.gravatar.com\/avatar\/b7e7818f3bc4056d29730c8b49b56e37487cafa62e85d34ee719e66093981a2f?s=96&d=mm&r=g\",\"contentUrl\":\"https:\/\/secure.gravatar.com\/avatar\/b7e7818f3bc4056d29730c8b49b56e37487cafa62e85d34ee719e66093981a2f?s=96&d=mm&r=g\",\"caption\":\"admin-triathlon\"},\"url\":\"https:\/\/triathlon-vendee.com\/author\/admin-triathlon\/\"}]}<\/script>\n<!-- \/ Yoast SEO plugin. -->","yoast_head_json":{"title":"Championnat de France Jeunes de Triathlon - Triathlon Saint Jean de Monts | Vend\u00e9e","robots":{"index":"index","follow":"follow","max-snippet":"max-snippet:-1","max-image-preview":"max-image-preview:large","max-video-preview":"max-video-preview:-1"},"canonical":"https:\/\/triathlon-vendee.com\/championnat-de-france-jeunes-de-triathlon\/","og_locale":"fr_FR","og_type":"article","og_title":"Championnat de France Jeunes de Triathlon - Triathlon Saint Jean de Monts | Vend\u00e9e","og_description":"Pour la premi\u00e8re fois, le Saint Jean de Monts Vend\u00e9e Triathlon Athl\u00e9tisme aligne 3 coureurs sur le Championnat de France Jeunes de Triathlon qui se d\u00e9roule samedi 4 juin \u00e0 l\u2019Aiguillon sur Mer : &#8211; Nolwenn MABILEAU en minimes filles (d\u00e9part \u00e0 10h00) &#8211; Mathis PATRON et Beno\u00eet GOMEZ en cadet gar\u00e7on (d\u00e9part \u00e0 12h45) [&hellip;]","og_url":"https:\/\/triathlon-vendee.com\/championnat-de-france-jeunes-de-triathlon\/","og_site_name":"Triathlon Saint Jean de Monts | Vend\u00e9e","article_published_time":"2011-06-02T10:32:00+00:00","og_image":[{"url":"http:\/\/img.over-blog.com\/300x168\/0\/29\/97\/54\/Photo-article\/21-01-2011-002_600.jpg","type":"","width":"","height":""}],"author":"admin-triathlon","twitter_card":"summary_large_image","twitter_misc":{"\u00c9crit par":"admin-triathlon","Dur\u00e9e de lecture estim\u00e9e":"2 minutes"},"schema":{"@context":"https:\/\/schema.org","@graph":[{"@type":"Article","@id":"https:\/\/triathlon-vendee.com\/championnat-de-france-jeunes-de-triathlon\/#article","isPartOf":{"@id":"https:\/\/triathlon-vendee.com\/championnat-de-france-jeunes-de-triathlon\/"},"author":{"name":"admin-triathlon","@id":"https:\/\/triathlon-vendee.com\/#\/schema\/person\/c5a5e3f339b62db4c29bf6f5bbdf5ded"},"headline":"Championnat de France Jeunes de Triathlon","datePublished":"2011-06-02T10:32:00+00:00","mainEntityOfPage":{"@id":"https:\/\/triathlon-vendee.com\/championnat-de-france-jeunes-de-triathlon\/"},"wordCount":308,"commentCount":0,"image":{"@id":"https:\/\/triathlon-vendee.com\/championnat-de-france-jeunes-de-triathlon\/#primaryimage"},"thumbnailUrl":"http:\/\/img.over-blog.com\/300x168\/0\/29\/97\/54\/Photo-article\/21-01-2011-002_600.jpg","articleSection":["Triathlon"],"inLanguage":"fr-FR","potentialAction":[{"@type":"CommentAction","name":"Comment","target":["https:\/\/triathlon-vendee.com\/championnat-de-france-jeunes-de-triathlon\/#respond"]}]},{"@type":"WebPage","@id":"https:\/\/triathlon-vendee.com\/championnat-de-france-jeunes-de-triathlon\/","url":"https:\/\/triathlon-vendee.com\/championnat-de-france-jeunes-de-triathlon\/","name":"Championnat de France Jeunes de Triathlon - Triathlon Saint Jean de Monts | Vend\u00e9e","isPartOf":{"@id":"https:\/\/triathlon-vendee.com\/#website"},"primaryImageOfPage":{"@id":"https:\/\/triathlon-vendee.com\/championnat-de-france-jeunes-de-triathlon\/#primaryimage"},"image":{"@id":"https:\/\/triathlon-vendee.com\/championnat-de-france-jeunes-de-triathlon\/#primaryimage"},"thumbnailUrl":"http:\/\/img.over-blog.com\/300x168\/0\/29\/97\/54\/Photo-article\/21-01-2011-002_600.jpg","datePublished":"2011-06-02T10:32:00+00:00","author":{"@id":"https:\/\/triathlon-vendee.com\/#\/schema\/person\/c5a5e3f339b62db4c29bf6f5bbdf5ded"},"breadcrumb":{"@id":"https:\/\/triathlon-vendee.com\/championnat-de-france-jeunes-de-triathlon\/#breadcrumb"},"inLanguage":"fr-FR","potentialAction":[{"@type":"ReadAction","target":["https:\/\/triathlon-vendee.com\/championnat-de-france-jeunes-de-triathlon\/"]}]},{"@type":"ImageObject","inLanguage":"fr-FR","@id":"https:\/\/triathlon-vendee.com\/championnat-de-france-jeunes-de-triathlon\/#primaryimage","url":"http:\/\/img.over-blog.com\/300x168\/0\/29\/97\/54\/Photo-article\/21-01-2011-002_600.jpg","contentUrl":"http:\/\/img.over-blog.com\/300x168\/0\/29\/97\/54\/Photo-article\/21-01-2011-002_600.jpg"},{"@type":"BreadcrumbList","@id":"https:\/\/triathlon-vendee.com\/championnat-de-france-jeunes-de-triathlon\/#breadcrumb","itemListElement":[{"@type":"ListItem","position":1,"name":"Accueil","item":"https:\/\/triathlon-vendee.com\/"},{"@type":"ListItem","position":2,"name":"Triathlon","item":"https:\/\/triathlon-vendee.com\/category\/triathlon\/"},{"@type":"ListItem","position":3,"name":"Championnat de France Jeunes de Triathlon"}]},{"@type":"WebSite","@id":"https:\/\/triathlon-vendee.com\/#website","url":"https:\/\/triathlon-vendee.com\/","name":"Triathlon Saint Jean de Monts | Vend\u00e9e","description":"Club de Triathlon \u00e0 Saint Jean de Monts, en Vend\u00e9e","potentialAction":[{"@type":"SearchAction","target":{"@type":"EntryPoint","urlTemplate":"https:\/\/triathlon-vendee.com\/?s={search_term_string}"},"query-input":{"@type":"PropertyValueSpecification","valueRequired":true,"valueName":"search_term_string"}}],"inLanguage":"fr-FR"},{"@type":"Person","@id":"https:\/\/triathlon-vendee.com\/#\/schema\/person\/c5a5e3f339b62db4c29bf6f5bbdf5ded","name":"admin-triathlon","image":{"@type":"ImageObject","inLanguage":"fr-FR","@id":"https:\/\/triathlon-vendee.com\/#\/schema\/person\/image\/","url":"https:\/\/secure.gravatar.com\/avatar\/b7e7818f3bc4056d29730c8b49b56e37487cafa62e85d34ee719e66093981a2f?s=96&d=mm&r=g","contentUrl":"https:\/\/secure.gravatar.com\/avatar\/b7e7818f3bc4056d29730c8b49b56e37487cafa62e85d34ee719e66093981a2f?s=96&d=mm&r=g","caption":"admin-triathlon"},"url":"https:\/\/triathlon-vendee.com\/author\/admin-triathlon\/"}]}},"_links":{"self":[{"href":"https:\/\/triathlon-vendee.com\/api\/wp\/v2\/posts\/1158","targetHints":{"allow":["GET"]}}],"collection":[{"href":"https:\/\/triathlon-vendee.com\/api\/wp\/v2\/posts"}],"about":[{"href":"https:\/\/triathlon-vendee.com\/api\/wp\/v2\/types\/post"}],"author":[{"embeddable":true,"href":"https:\/\/triathlon-vendee.com\/api\/wp\/v2\/users\/1"}],"replies":[{"embeddable":true,"href":"https:\/\/triathlon-vendee.com\/api\/wp\/v2\/comments?post=1158"}],"version-history":[{"count":0,"href":"https:\/\/triathlon-vendee.com\/api\/wp\/v2\/posts\/1158\/revisions"}],"wp:attachment":[{"href":"https:\/\/triathlon-vendee.com\/api\/wp\/v2\/media?parent=1158"}],"wp:term":[{"taxonomy":"category","embeddable":true,"href":"https:\/\/triathlon-vendee.com\/api\/wp\/v2\/categories?post=1158"},{"taxonomy":"post_tag","embeddable":true,"href":"https:\/\/triathlon-vendee.com\/api\/wp\/v2\/tags?post=1158"}],"curies":[{"name":"wp","href":"https:\/\/api.w.org\/{rel}","templated":true}]}}