{"id":1153,"date":"2011-06-07T14:22:00","date_gmt":"2011-06-07T12:22:00","guid":{"rendered":"https:\/\/triathlon-vendee.com\/gavin-noble-2me-au-japon\/"},"modified":"2011-06-07T14:22:00","modified_gmt":"2011-06-07T12:22:00","slug":"gavin-noble-2me-au-japon","status":"publish","type":"post","link":"https:\/\/triathlon-vendee.com\/gavin-noble-2me-au-japon\/","title":{"rendered":"Gavin NOBLE : 2&#xE8;me au Japon"},"content":{"rendered":"<div class=\"ob-sections\">\n<div class=\"ob-section ob-section-html\">\n<p style=\"text-align: left;\"> <span style=\"color: #3366ff;\">Apr\u00e8s la brillante 4\u00e8me d\u2019Alexander BRUKHANKOV sur la coupe du monde de Madrid, c\u2019est un autre soci\u00e9taire du team \u00e9lite de Saint Jean de Monts qui s\u2019est illustr\u00e9 le lendemain au Japon. En effet, Gavin NOBLE prend la 2\u00e8me de la coupe d\u2019Asie disput\u00e9e dimanche \u00e0 Amakusa au Japon. Auteur du 2\u00e8me temps de course \u00e0 pied (31\u201925 sur le 10 km), il monte sur le podium en compagnie des canadiens Kyle JONES (1er) et Brent McMahon (3\u00e8me).<\/span> <span style=\"color: #3366ff;\"><a href=\"http:\/\/www.triathlon.org\/results\/results\/2011_amakusa_itu_triathlon_asian_cup\/6441\" target=\"_blank\" rel=\"noopener noreferrer\">Voir les r\u00e9sultats&#8230;<\/a><\/span><br \/> <span style=\"color: #3366ff;\">Les bonnes performances internationales des triathl\u00e8tes montois se confirment au classement mondial (ranking) : Brukhankov 5\u00e8me ; Tutukin 37\u00e8me et Gemmel (53\u00e8me).<\/span><span style=\"color: #3366ff;\"><a href=\"http:\/\/www.triathlon.org\/results\/rankings\" target=\"_blank\" rel=\"noopener noreferrer\">Plus d\u2019infos&#8230;<\/a><\/span> <\/p>\n<p style=\"text-align: left;\"> <span style=\"color: #3366ff;\">Sinon, pour ceux qui auraient loup\u00e9 les photos du triathlon de La Roche, merci \u00e0 Luca qui vous propose un <a href=\"https:\/\/picasaweb.google.com\/117515195440996949948\/TriLaRoche2011?authkey=Gv1sRgCMXbu8fJs7PMHw&amp;feat=email#\" target=\"_blank\" rel=\"noopener noreferrer\">2\u00e8me album ICI<\/a><\/span> <\/p>\n<p style=\"text-align: left;\"> <span style=\"color: #3366ff;\">&nbsp;<\/span> <\/p>\n<\/div><\/div>\n","protected":false},"excerpt":{"rendered":"<p>Apr\u00e8s la brillante 4\u00e8me d\u2019Alexander BRUKHANKOV sur la coupe du monde de Madrid, c\u2019est un autre soci\u00e9taire du team \u00e9lite de Saint Jean de Monts qui s\u2019est illustr\u00e9 le lendemain au Japon. En effet, Gavin NOBLE prend la 2\u00e8me de la coupe d\u2019Asie disput\u00e9e dimanche \u00e0 Amakusa au Japon. Auteur du 2\u00e8me temps de course [&hellip;]<\/p>\n","protected":false},"author":1,"featured_media":0,"comment_status":"open","ping_status":"open","sticky":false,"template":"","format":"standard","meta":{"_et_pb_use_builder":"","_et_pb_old_content":"","_et_gb_content_width":"","footnotes":""},"categories":[1],"tags":[],"class_list":["post-1153","post","type-post","status-publish","format-standard","hentry","category-triathlon"],"yoast_head":"<!-- This site is optimized with the Yoast SEO plugin v26.7 - https:\/\/yoast.com\/wordpress\/plugins\/seo\/ -->\n<title>Gavin NOBLE : 2&#xE8;me au Japon - Triathlon Saint Jean de Monts | Vend\u00e9e<\/title>\n<meta name=\"robots\" content=\"index, follow, max-snippet:-1, max-image-preview:large, max-video-preview:-1\" \/>\n<link rel=\"canonical\" href=\"https:\/\/triathlon-vendee.com\/gavin-noble-2me-au-japon\/\" \/>\n<meta property=\"og:locale\" content=\"fr_FR\" \/>\n<meta property=\"og:type\" content=\"article\" \/>\n<meta property=\"og:title\" content=\"Gavin NOBLE : 2&#xE8;me au Japon - Triathlon Saint Jean de Monts | Vend\u00e9e\" \/>\n<meta property=\"og:description\" content=\"Apr\u00e8s la brillante 4\u00e8me d\u2019Alexander BRUKHANKOV sur la coupe du monde de Madrid, c\u2019est un autre soci\u00e9taire du team \u00e9lite de Saint Jean de Monts qui s\u2019est illustr\u00e9 le lendemain au Japon. En effet, Gavin NOBLE prend la 2\u00e8me de la coupe d\u2019Asie disput\u00e9e dimanche \u00e0 Amakusa au Japon. Auteur du 2\u00e8me temps de course [&hellip;]\" \/>\n<meta property=\"og:url\" content=\"https:\/\/triathlon-vendee.com\/gavin-noble-2me-au-japon\/\" \/>\n<meta property=\"og:site_name\" content=\"Triathlon Saint Jean de Monts | Vend\u00e9e\" \/>\n<meta property=\"article:published_time\" content=\"2011-06-07T12:22:00+00:00\" \/>\n<meta property=\"og:image\" content=\"https:\/\/triathlon-vendee.com\/wp-content\/uploads\/2020\/12\/Groupe-564@2x.jpg\" \/>\n\t<meta property=\"og:image:width\" content=\"488\" \/>\n\t<meta property=\"og:image:height\" content=\"317\" \/>\n\t<meta property=\"og:image:type\" content=\"image\/jpeg\" \/>\n<meta name=\"author\" content=\"admin-triathlon\" \/>\n<meta name=\"twitter:card\" content=\"summary_large_image\" \/>\n<meta name=\"twitter:label1\" content=\"\u00c9crit par\" \/>\n\t<meta name=\"twitter:data1\" content=\"admin-triathlon\" \/>\n\t<meta name=\"twitter:label2\" content=\"Dur\u00e9e de lecture estim\u00e9e\" \/>\n\t<meta name=\"twitter:data2\" content=\"1 minute\" \/>\n<script type=\"application\/ld+json\" class=\"yoast-schema-graph\">{\"@context\":\"https:\/\/schema.org\",\"@graph\":[{\"@type\":\"Article\",\"@id\":\"https:\/\/triathlon-vendee.com\/gavin-noble-2me-au-japon\/#article\",\"isPartOf\":{\"@id\":\"https:\/\/triathlon-vendee.com\/gavin-noble-2me-au-japon\/\"},\"author\":{\"name\":\"admin-triathlon\",\"@id\":\"https:\/\/triathlon-vendee.com\/#\/schema\/person\/c5a5e3f339b62db4c29bf6f5bbdf5ded\"},\"headline\":\"Gavin NOBLE : 2&#xE8;me au Japon\",\"datePublished\":\"2011-06-07T12:22:00+00:00\",\"mainEntityOfPage\":{\"@id\":\"https:\/\/triathlon-vendee.com\/gavin-noble-2me-au-japon\/\"},\"wordCount\":138,\"commentCount\":0,\"articleSection\":[\"Triathlon\"],\"inLanguage\":\"fr-FR\",\"potentialAction\":[{\"@type\":\"CommentAction\",\"name\":\"Comment\",\"target\":[\"https:\/\/triathlon-vendee.com\/gavin-noble-2me-au-japon\/#respond\"]}]},{\"@type\":\"WebPage\",\"@id\":\"https:\/\/triathlon-vendee.com\/gavin-noble-2me-au-japon\/\",\"url\":\"https:\/\/triathlon-vendee.com\/gavin-noble-2me-au-japon\/\",\"name\":\"Gavin NOBLE : 2&#xE8;me au Japon - Triathlon Saint Jean de Monts | Vend\u00e9e\",\"isPartOf\":{\"@id\":\"https:\/\/triathlon-vendee.com\/#website\"},\"datePublished\":\"2011-06-07T12:22:00+00:00\",\"author\":{\"@id\":\"https:\/\/triathlon-vendee.com\/#\/schema\/person\/c5a5e3f339b62db4c29bf6f5bbdf5ded\"},\"breadcrumb\":{\"@id\":\"https:\/\/triathlon-vendee.com\/gavin-noble-2me-au-japon\/#breadcrumb\"},\"inLanguage\":\"fr-FR\",\"potentialAction\":[{\"@type\":\"ReadAction\",\"target\":[\"https:\/\/triathlon-vendee.com\/gavin-noble-2me-au-japon\/\"]}]},{\"@type\":\"BreadcrumbList\",\"@id\":\"https:\/\/triathlon-vendee.com\/gavin-noble-2me-au-japon\/#breadcrumb\",\"itemListElement\":[{\"@type\":\"ListItem\",\"position\":1,\"name\":\"Accueil\",\"item\":\"https:\/\/triathlon-vendee.com\/\"},{\"@type\":\"ListItem\",\"position\":2,\"name\":\"Triathlon\",\"item\":\"https:\/\/triathlon-vendee.com\/category\/triathlon\/\"},{\"@type\":\"ListItem\",\"position\":3,\"name\":\"Gavin NOBLE : 2&#xE8;me au Japon\"}]},{\"@type\":\"WebSite\",\"@id\":\"https:\/\/triathlon-vendee.com\/#website\",\"url\":\"https:\/\/triathlon-vendee.com\/\",\"name\":\"Triathlon Saint Jean de Monts | Vend\u00e9e\",\"description\":\"Club de Triathlon \u00e0 Saint Jean de Monts, en Vend\u00e9e\",\"potentialAction\":[{\"@type\":\"SearchAction\",\"target\":{\"@type\":\"EntryPoint\",\"urlTemplate\":\"https:\/\/triathlon-vendee.com\/?s={search_term_string}\"},\"query-input\":{\"@type\":\"PropertyValueSpecification\",\"valueRequired\":true,\"valueName\":\"search_term_string\"}}],\"inLanguage\":\"fr-FR\"},{\"@type\":\"Person\",\"@id\":\"https:\/\/triathlon-vendee.com\/#\/schema\/person\/c5a5e3f339b62db4c29bf6f5bbdf5ded\",\"name\":\"admin-triathlon\",\"image\":{\"@type\":\"ImageObject\",\"inLanguage\":\"fr-FR\",\"@id\":\"https:\/\/triathlon-vendee.com\/#\/schema\/person\/image\/\",\"url\":\"https:\/\/secure.gravatar.com\/avatar\/b7e7818f3bc4056d29730c8b49b56e37487cafa62e85d34ee719e66093981a2f?s=96&d=mm&r=g\",\"contentUrl\":\"https:\/\/secure.gravatar.com\/avatar\/b7e7818f3bc4056d29730c8b49b56e37487cafa62e85d34ee719e66093981a2f?s=96&d=mm&r=g\",\"caption\":\"admin-triathlon\"},\"url\":\"https:\/\/triathlon-vendee.com\/author\/admin-triathlon\/\"}]}<\/script>\n<!-- \/ Yoast SEO plugin. -->","yoast_head_json":{"title":"Gavin NOBLE : 2&#xE8;me au Japon - Triathlon Saint Jean de Monts | Vend\u00e9e","robots":{"index":"index","follow":"follow","max-snippet":"max-snippet:-1","max-image-preview":"max-image-preview:large","max-video-preview":"max-video-preview:-1"},"canonical":"https:\/\/triathlon-vendee.com\/gavin-noble-2me-au-japon\/","og_locale":"fr_FR","og_type":"article","og_title":"Gavin NOBLE : 2&#xE8;me au Japon - Triathlon Saint Jean de Monts | Vend\u00e9e","og_description":"Apr\u00e8s la brillante 4\u00e8me d\u2019Alexander BRUKHANKOV sur la coupe du monde de Madrid, c\u2019est un autre soci\u00e9taire du team \u00e9lite de Saint Jean de Monts qui s\u2019est illustr\u00e9 le lendemain au Japon. En effet, Gavin NOBLE prend la 2\u00e8me de la coupe d\u2019Asie disput\u00e9e dimanche \u00e0 Amakusa au Japon. Auteur du 2\u00e8me temps de course [&hellip;]","og_url":"https:\/\/triathlon-vendee.com\/gavin-noble-2me-au-japon\/","og_site_name":"Triathlon Saint Jean de Monts | Vend\u00e9e","article_published_time":"2011-06-07T12:22:00+00:00","og_image":[{"width":488,"height":317,"url":"https:\/\/triathlon-vendee.com\/wp-content\/uploads\/2020\/12\/Groupe-564@2x.jpg","type":"image\/jpeg"}],"author":"admin-triathlon","twitter_card":"summary_large_image","twitter_misc":{"\u00c9crit par":"admin-triathlon","Dur\u00e9e de lecture estim\u00e9e":"1 minute"},"schema":{"@context":"https:\/\/schema.org","@graph":[{"@type":"Article","@id":"https:\/\/triathlon-vendee.com\/gavin-noble-2me-au-japon\/#article","isPartOf":{"@id":"https:\/\/triathlon-vendee.com\/gavin-noble-2me-au-japon\/"},"author":{"name":"admin-triathlon","@id":"https:\/\/triathlon-vendee.com\/#\/schema\/person\/c5a5e3f339b62db4c29bf6f5bbdf5ded"},"headline":"Gavin NOBLE : 2&#xE8;me au Japon","datePublished":"2011-06-07T12:22:00+00:00","mainEntityOfPage":{"@id":"https:\/\/triathlon-vendee.com\/gavin-noble-2me-au-japon\/"},"wordCount":138,"commentCount":0,"articleSection":["Triathlon"],"inLanguage":"fr-FR","potentialAction":[{"@type":"CommentAction","name":"Comment","target":["https:\/\/triathlon-vendee.com\/gavin-noble-2me-au-japon\/#respond"]}]},{"@type":"WebPage","@id":"https:\/\/triathlon-vendee.com\/gavin-noble-2me-au-japon\/","url":"https:\/\/triathlon-vendee.com\/gavin-noble-2me-au-japon\/","name":"Gavin NOBLE : 2&#xE8;me au Japon - Triathlon Saint Jean de Monts | Vend\u00e9e","isPartOf":{"@id":"https:\/\/triathlon-vendee.com\/#website"},"datePublished":"2011-06-07T12:22:00+00:00","author":{"@id":"https:\/\/triathlon-vendee.com\/#\/schema\/person\/c5a5e3f339b62db4c29bf6f5bbdf5ded"},"breadcrumb":{"@id":"https:\/\/triathlon-vendee.com\/gavin-noble-2me-au-japon\/#breadcrumb"},"inLanguage":"fr-FR","potentialAction":[{"@type":"ReadAction","target":["https:\/\/triathlon-vendee.com\/gavin-noble-2me-au-japon\/"]}]},{"@type":"BreadcrumbList","@id":"https:\/\/triathlon-vendee.com\/gavin-noble-2me-au-japon\/#breadcrumb","itemListElement":[{"@type":"ListItem","position":1,"name":"Accueil","item":"https:\/\/triathlon-vendee.com\/"},{"@type":"ListItem","position":2,"name":"Triathlon","item":"https:\/\/triathlon-vendee.com\/category\/triathlon\/"},{"@type":"ListItem","position":3,"name":"Gavin NOBLE : 2&#xE8;me au Japon"}]},{"@type":"WebSite","@id":"https:\/\/triathlon-vendee.com\/#website","url":"https:\/\/triathlon-vendee.com\/","name":"Triathlon Saint Jean de Monts | Vend\u00e9e","description":"Club de Triathlon \u00e0 Saint Jean de Monts, en Vend\u00e9e","potentialAction":[{"@type":"SearchAction","target":{"@type":"EntryPoint","urlTemplate":"https:\/\/triathlon-vendee.com\/?s={search_term_string}"},"query-input":{"@type":"PropertyValueSpecification","valueRequired":true,"valueName":"search_term_string"}}],"inLanguage":"fr-FR"},{"@type":"Person","@id":"https:\/\/triathlon-vendee.com\/#\/schema\/person\/c5a5e3f339b62db4c29bf6f5bbdf5ded","name":"admin-triathlon","image":{"@type":"ImageObject","inLanguage":"fr-FR","@id":"https:\/\/triathlon-vendee.com\/#\/schema\/person\/image\/","url":"https:\/\/secure.gravatar.com\/avatar\/b7e7818f3bc4056d29730c8b49b56e37487cafa62e85d34ee719e66093981a2f?s=96&d=mm&r=g","contentUrl":"https:\/\/secure.gravatar.com\/avatar\/b7e7818f3bc4056d29730c8b49b56e37487cafa62e85d34ee719e66093981a2f?s=96&d=mm&r=g","caption":"admin-triathlon"},"url":"https:\/\/triathlon-vendee.com\/author\/admin-triathlon\/"}]}},"_links":{"self":[{"href":"https:\/\/triathlon-vendee.com\/api\/wp\/v2\/posts\/1153","targetHints":{"allow":["GET"]}}],"collection":[{"href":"https:\/\/triathlon-vendee.com\/api\/wp\/v2\/posts"}],"about":[{"href":"https:\/\/triathlon-vendee.com\/api\/wp\/v2\/types\/post"}],"author":[{"embeddable":true,"href":"https:\/\/triathlon-vendee.com\/api\/wp\/v2\/users\/1"}],"replies":[{"embeddable":true,"href":"https:\/\/triathlon-vendee.com\/api\/wp\/v2\/comments?post=1153"}],"version-history":[{"count":0,"href":"https:\/\/triathlon-vendee.com\/api\/wp\/v2\/posts\/1153\/revisions"}],"wp:attachment":[{"href":"https:\/\/triathlon-vendee.com\/api\/wp\/v2\/media?parent=1153"}],"wp:term":[{"taxonomy":"category","embeddable":true,"href":"https:\/\/triathlon-vendee.com\/api\/wp\/v2\/categories?post=1153"},{"taxonomy":"post_tag","embeddable":true,"href":"https:\/\/triathlon-vendee.com\/api\/wp\/v2\/tags?post=1153"}],"curies":[{"name":"wp","href":"https:\/\/api.w.org\/{rel}","templated":true}]}}