{"id":1148,"date":"2011-06-14T07:49:00","date_gmt":"2011-06-14T05:49:00","guid":{"rendered":"https:\/\/triathlon-vendee.com\/photos-du-poir-et-de-sireuil\/"},"modified":"2011-06-14T07:49:00","modified_gmt":"2011-06-14T05:49:00","slug":"photos-du-poir-et-de-sireuil","status":"publish","type":"post","link":"https:\/\/triathlon-vendee.com\/photos-du-poir-et-de-sireuil\/","title":{"rendered":"Photos du Poir&#xE9; et de Sireuil"},"content":{"rendered":"<div class=\"ob-sections\">\n<div class=\"ob-section ob-section-html\">\n<p> <span style=\"color: #3366ff;\">Les photos du Poir\u00e9 sont consultables <a href= \"https:\/\/remote.saint-jean-de-monts.com\/owa\/redir.aspx?C=85709bfc5a4b429b85ad7036bb940789&amp;URL=%3a%2f%2fpicasaweb.google.com%2flh%2fsredir%3funame%3d117515195440996949948%26target%3dALBUM%26id%3d5617434081998810913%26authkey%3dGv1sRgCMun7o-XjZmmuQE%26invite%3dCPSRsqkK%26feat%3demail\"> <\/a><a title=\"null\" href= \"https:\/\/picasaweb.google.com\/lh\/sredir?uname=117515195440996949948&amp;target=ALBUM&amp;id=5617434081998810913&amp;authkey=Gv1sRgCMun7o-XjZmmuQE&amp;invite=CPSRsqkK&amp;feat=email\">sur ce lien<\/a>.<\/span> <\/p>\n<p> <span style=\"color: #3366ff;\">Celles de Sireuil sont en ligne <a title=\"null\" href=\"https:\/\/picasaweb.google.com\/lh\/sredir?uname=bclj85&amp;target=ALBUM&amp;id=5617664480301595857&amp;authkey=Gv1sRgCKCB0M6bze_cYg&amp;feat=email\" target=\"_blank\" rel=\"noopener noreferrer\">ici<\/a><\/span> <\/p>\n<p> <span style=\"color: #3366ff;\">Merci aux 2 photographes Luca et Julie !<\/span> <\/p>\n<\/div><\/div>\n","protected":false},"excerpt":{"rendered":"<p>Les photos du Poir\u00e9 sont consultables sur ce lien. Celles de Sireuil sont en ligne ici Merci aux 2 photographes Luca et Julie !<\/p>\n","protected":false},"author":1,"featured_media":0,"comment_status":"open","ping_status":"open","sticky":false,"template":"","format":"standard","meta":{"_et_pb_use_builder":"","_et_pb_old_content":"","_et_gb_content_width":"","footnotes":""},"categories":[1],"tags":[],"class_list":["post-1148","post","type-post","status-publish","format-standard","hentry","category-triathlon"],"yoast_head":"<!-- This site is optimized with the Yoast SEO plugin v26.7 - https:\/\/yoast.com\/wordpress\/plugins\/seo\/ -->\n<title>Photos du Poir&#xE9; et de Sireuil - Triathlon Saint Jean de Monts | Vend\u00e9e<\/title>\n<meta name=\"robots\" content=\"index, follow, max-snippet:-1, max-image-preview:large, max-video-preview:-1\" \/>\n<link rel=\"canonical\" href=\"https:\/\/triathlon-vendee.com\/photos-du-poir-et-de-sireuil\/\" \/>\n<meta property=\"og:locale\" content=\"fr_FR\" \/>\n<meta property=\"og:type\" content=\"article\" \/>\n<meta property=\"og:title\" content=\"Photos du Poir&#xE9; et de Sireuil - Triathlon Saint Jean de Monts | Vend\u00e9e\" \/>\n<meta property=\"og:description\" content=\"Les photos du Poir\u00e9 sont consultables sur ce lien. Celles de Sireuil sont en ligne ici Merci aux 2 photographes Luca et Julie !\" \/>\n<meta property=\"og:url\" content=\"https:\/\/triathlon-vendee.com\/photos-du-poir-et-de-sireuil\/\" \/>\n<meta property=\"og:site_name\" content=\"Triathlon Saint Jean de Monts | Vend\u00e9e\" \/>\n<meta property=\"article:published_time\" content=\"2011-06-14T05:49:00+00:00\" \/>\n<meta property=\"og:image\" content=\"https:\/\/triathlon-vendee.com\/wp-content\/uploads\/2020\/12\/Groupe-564@2x.jpg\" \/>\n\t<meta property=\"og:image:width\" content=\"488\" \/>\n\t<meta property=\"og:image:height\" content=\"317\" \/>\n\t<meta property=\"og:image:type\" content=\"image\/jpeg\" \/>\n<meta name=\"author\" content=\"admin-triathlon\" \/>\n<meta name=\"twitter:card\" content=\"summary_large_image\" \/>\n<meta name=\"twitter:label1\" content=\"\u00c9crit par\" \/>\n\t<meta name=\"twitter:data1\" content=\"admin-triathlon\" \/>\n<script type=\"application\/ld+json\" class=\"yoast-schema-graph\">{\"@context\":\"https:\/\/schema.org\",\"@graph\":[{\"@type\":\"Article\",\"@id\":\"https:\/\/triathlon-vendee.com\/photos-du-poir-et-de-sireuil\/#article\",\"isPartOf\":{\"@id\":\"https:\/\/triathlon-vendee.com\/photos-du-poir-et-de-sireuil\/\"},\"author\":{\"name\":\"admin-triathlon\",\"@id\":\"https:\/\/triathlon-vendee.com\/#\/schema\/person\/c5a5e3f339b62db4c29bf6f5bbdf5ded\"},\"headline\":\"Photos du Poir&#xE9; et de Sireuil\",\"datePublished\":\"2011-06-14T05:49:00+00:00\",\"mainEntityOfPage\":{\"@id\":\"https:\/\/triathlon-vendee.com\/photos-du-poir-et-de-sireuil\/\"},\"wordCount\":29,\"commentCount\":0,\"articleSection\":[\"Triathlon\"],\"inLanguage\":\"fr-FR\",\"potentialAction\":[{\"@type\":\"CommentAction\",\"name\":\"Comment\",\"target\":[\"https:\/\/triathlon-vendee.com\/photos-du-poir-et-de-sireuil\/#respond\"]}]},{\"@type\":\"WebPage\",\"@id\":\"https:\/\/triathlon-vendee.com\/photos-du-poir-et-de-sireuil\/\",\"url\":\"https:\/\/triathlon-vendee.com\/photos-du-poir-et-de-sireuil\/\",\"name\":\"Photos du Poir&#xE9; et de Sireuil - Triathlon Saint Jean de Monts | Vend\u00e9e\",\"isPartOf\":{\"@id\":\"https:\/\/triathlon-vendee.com\/#website\"},\"datePublished\":\"2011-06-14T05:49:00+00:00\",\"author\":{\"@id\":\"https:\/\/triathlon-vendee.com\/#\/schema\/person\/c5a5e3f339b62db4c29bf6f5bbdf5ded\"},\"breadcrumb\":{\"@id\":\"https:\/\/triathlon-vendee.com\/photos-du-poir-et-de-sireuil\/#breadcrumb\"},\"inLanguage\":\"fr-FR\",\"potentialAction\":[{\"@type\":\"ReadAction\",\"target\":[\"https:\/\/triathlon-vendee.com\/photos-du-poir-et-de-sireuil\/\"]}]},{\"@type\":\"BreadcrumbList\",\"@id\":\"https:\/\/triathlon-vendee.com\/photos-du-poir-et-de-sireuil\/#breadcrumb\",\"itemListElement\":[{\"@type\":\"ListItem\",\"position\":1,\"name\":\"Accueil\",\"item\":\"https:\/\/triathlon-vendee.com\/\"},{\"@type\":\"ListItem\",\"position\":2,\"name\":\"Triathlon\",\"item\":\"https:\/\/triathlon-vendee.com\/category\/triathlon\/\"},{\"@type\":\"ListItem\",\"position\":3,\"name\":\"Photos du Poir&#xE9; et de Sireuil\"}]},{\"@type\":\"WebSite\",\"@id\":\"https:\/\/triathlon-vendee.com\/#website\",\"url\":\"https:\/\/triathlon-vendee.com\/\",\"name\":\"Triathlon Saint Jean de Monts | Vend\u00e9e\",\"description\":\"Club de Triathlon \u00e0 Saint Jean de Monts, en Vend\u00e9e\",\"potentialAction\":[{\"@type\":\"SearchAction\",\"target\":{\"@type\":\"EntryPoint\",\"urlTemplate\":\"https:\/\/triathlon-vendee.com\/?s={search_term_string}\"},\"query-input\":{\"@type\":\"PropertyValueSpecification\",\"valueRequired\":true,\"valueName\":\"search_term_string\"}}],\"inLanguage\":\"fr-FR\"},{\"@type\":\"Person\",\"@id\":\"https:\/\/triathlon-vendee.com\/#\/schema\/person\/c5a5e3f339b62db4c29bf6f5bbdf5ded\",\"name\":\"admin-triathlon\",\"image\":{\"@type\":\"ImageObject\",\"inLanguage\":\"fr-FR\",\"@id\":\"https:\/\/triathlon-vendee.com\/#\/schema\/person\/image\/\",\"url\":\"https:\/\/secure.gravatar.com\/avatar\/b7e7818f3bc4056d29730c8b49b56e37487cafa62e85d34ee719e66093981a2f?s=96&d=mm&r=g\",\"contentUrl\":\"https:\/\/secure.gravatar.com\/avatar\/b7e7818f3bc4056d29730c8b49b56e37487cafa62e85d34ee719e66093981a2f?s=96&d=mm&r=g\",\"caption\":\"admin-triathlon\"},\"url\":\"https:\/\/triathlon-vendee.com\/author\/admin-triathlon\/\"}]}<\/script>\n<!-- \/ Yoast SEO plugin. -->","yoast_head_json":{"title":"Photos du Poir&#xE9; et de Sireuil - Triathlon Saint Jean de Monts | Vend\u00e9e","robots":{"index":"index","follow":"follow","max-snippet":"max-snippet:-1","max-image-preview":"max-image-preview:large","max-video-preview":"max-video-preview:-1"},"canonical":"https:\/\/triathlon-vendee.com\/photos-du-poir-et-de-sireuil\/","og_locale":"fr_FR","og_type":"article","og_title":"Photos du Poir&#xE9; et de Sireuil - Triathlon Saint Jean de Monts | Vend\u00e9e","og_description":"Les photos du Poir\u00e9 sont consultables sur ce lien. Celles de Sireuil sont en ligne ici Merci aux 2 photographes Luca et Julie !","og_url":"https:\/\/triathlon-vendee.com\/photos-du-poir-et-de-sireuil\/","og_site_name":"Triathlon Saint Jean de Monts | Vend\u00e9e","article_published_time":"2011-06-14T05:49:00+00:00","og_image":[{"width":488,"height":317,"url":"https:\/\/triathlon-vendee.com\/wp-content\/uploads\/2020\/12\/Groupe-564@2x.jpg","type":"image\/jpeg"}],"author":"admin-triathlon","twitter_card":"summary_large_image","twitter_misc":{"\u00c9crit par":"admin-triathlon"},"schema":{"@context":"https:\/\/schema.org","@graph":[{"@type":"Article","@id":"https:\/\/triathlon-vendee.com\/photos-du-poir-et-de-sireuil\/#article","isPartOf":{"@id":"https:\/\/triathlon-vendee.com\/photos-du-poir-et-de-sireuil\/"},"author":{"name":"admin-triathlon","@id":"https:\/\/triathlon-vendee.com\/#\/schema\/person\/c5a5e3f339b62db4c29bf6f5bbdf5ded"},"headline":"Photos du Poir&#xE9; et de Sireuil","datePublished":"2011-06-14T05:49:00+00:00","mainEntityOfPage":{"@id":"https:\/\/triathlon-vendee.com\/photos-du-poir-et-de-sireuil\/"},"wordCount":29,"commentCount":0,"articleSection":["Triathlon"],"inLanguage":"fr-FR","potentialAction":[{"@type":"CommentAction","name":"Comment","target":["https:\/\/triathlon-vendee.com\/photos-du-poir-et-de-sireuil\/#respond"]}]},{"@type":"WebPage","@id":"https:\/\/triathlon-vendee.com\/photos-du-poir-et-de-sireuil\/","url":"https:\/\/triathlon-vendee.com\/photos-du-poir-et-de-sireuil\/","name":"Photos du Poir&#xE9; et de Sireuil - Triathlon Saint Jean de Monts | Vend\u00e9e","isPartOf":{"@id":"https:\/\/triathlon-vendee.com\/#website"},"datePublished":"2011-06-14T05:49:00+00:00","author":{"@id":"https:\/\/triathlon-vendee.com\/#\/schema\/person\/c5a5e3f339b62db4c29bf6f5bbdf5ded"},"breadcrumb":{"@id":"https:\/\/triathlon-vendee.com\/photos-du-poir-et-de-sireuil\/#breadcrumb"},"inLanguage":"fr-FR","potentialAction":[{"@type":"ReadAction","target":["https:\/\/triathlon-vendee.com\/photos-du-poir-et-de-sireuil\/"]}]},{"@type":"BreadcrumbList","@id":"https:\/\/triathlon-vendee.com\/photos-du-poir-et-de-sireuil\/#breadcrumb","itemListElement":[{"@type":"ListItem","position":1,"name":"Accueil","item":"https:\/\/triathlon-vendee.com\/"},{"@type":"ListItem","position":2,"name":"Triathlon","item":"https:\/\/triathlon-vendee.com\/category\/triathlon\/"},{"@type":"ListItem","position":3,"name":"Photos du Poir&#xE9; et de Sireuil"}]},{"@type":"WebSite","@id":"https:\/\/triathlon-vendee.com\/#website","url":"https:\/\/triathlon-vendee.com\/","name":"Triathlon Saint Jean de Monts | Vend\u00e9e","description":"Club de Triathlon \u00e0 Saint Jean de Monts, en Vend\u00e9e","potentialAction":[{"@type":"SearchAction","target":{"@type":"EntryPoint","urlTemplate":"https:\/\/triathlon-vendee.com\/?s={search_term_string}"},"query-input":{"@type":"PropertyValueSpecification","valueRequired":true,"valueName":"search_term_string"}}],"inLanguage":"fr-FR"},{"@type":"Person","@id":"https:\/\/triathlon-vendee.com\/#\/schema\/person\/c5a5e3f339b62db4c29bf6f5bbdf5ded","name":"admin-triathlon","image":{"@type":"ImageObject","inLanguage":"fr-FR","@id":"https:\/\/triathlon-vendee.com\/#\/schema\/person\/image\/","url":"https:\/\/secure.gravatar.com\/avatar\/b7e7818f3bc4056d29730c8b49b56e37487cafa62e85d34ee719e66093981a2f?s=96&d=mm&r=g","contentUrl":"https:\/\/secure.gravatar.com\/avatar\/b7e7818f3bc4056d29730c8b49b56e37487cafa62e85d34ee719e66093981a2f?s=96&d=mm&r=g","caption":"admin-triathlon"},"url":"https:\/\/triathlon-vendee.com\/author\/admin-triathlon\/"}]}},"_links":{"self":[{"href":"https:\/\/triathlon-vendee.com\/api\/wp\/v2\/posts\/1148","targetHints":{"allow":["GET"]}}],"collection":[{"href":"https:\/\/triathlon-vendee.com\/api\/wp\/v2\/posts"}],"about":[{"href":"https:\/\/triathlon-vendee.com\/api\/wp\/v2\/types\/post"}],"author":[{"embeddable":true,"href":"https:\/\/triathlon-vendee.com\/api\/wp\/v2\/users\/1"}],"replies":[{"embeddable":true,"href":"https:\/\/triathlon-vendee.com\/api\/wp\/v2\/comments?post=1148"}],"version-history":[{"count":0,"href":"https:\/\/triathlon-vendee.com\/api\/wp\/v2\/posts\/1148\/revisions"}],"wp:attachment":[{"href":"https:\/\/triathlon-vendee.com\/api\/wp\/v2\/media?parent=1148"}],"wp:term":[{"taxonomy":"category","embeddable":true,"href":"https:\/\/triathlon-vendee.com\/api\/wp\/v2\/categories?post=1148"},{"taxonomy":"post_tag","embeddable":true,"href":"https:\/\/triathlon-vendee.com\/api\/wp\/v2\/tags?post=1148"}],"curies":[{"name":"wp","href":"https:\/\/api.w.org\/{rel}","templated":true}]}}