{"id":1145,"date":"2011-06-19T20:44:00","date_gmt":"2011-06-19T18:44:00","guid":{"rendered":"https:\/\/triathlon-vendee.com\/triathlon-des-sables-dolonne\/"},"modified":"2011-06-19T20:44:00","modified_gmt":"2011-06-19T18:44:00","slug":"triathlon-des-sables-dolonne","status":"publish","type":"post","link":"https:\/\/triathlon-vendee.com\/triathlon-des-sables-dolonne\/","title":{"rendered":"Triathlon des Sables d&rsquo;Olonne"},"content":{"rendered":"<div class=\"ob-sections\">\n<div class=\"ob-section ob-section-html\">\n<p> <img loading=\"lazy\" decoding=\"async\" src=\"http:\/\/img.over-blog.com\/199x300\/0\/29\/97\/54\/DSC09491.JPG\" alt=\"DSC09491.JPG\" class=\"GcheTexte\" width=\"152\" height=\"230\"> <\/p>\n<p style=\"text-align: left;\"> <span style=\"color: #3366ff;\">Grand week-end triathl\u00e9tique aux Sables d\u2019Olonne sur le site de Tanchet.<\/span> <\/p>\n<p style=\"text-align: left;\"> <span style=\"color: #3366ff;\">Les jeunes avaient ouvert le bal samedi. On peut signaler la nouvelle victoire de <strong>Cl\u00e9ment FRADIN<\/strong> en mini-poussins et la 3<sup>\u00e8me<\/sup> place de <strong>Charles AZAIS<\/strong> dans cette m\u00eame cat\u00e9gorie. En pupilles, <strong>Mathis FRADIN<\/strong> monte sur la 3<sup>\u00e8me<\/sup> marche du podium.<\/span> <\/p>\n<p style=\"text-align: left;\"> <span style=\"color: #3366ff;\">Dans la course en relais comptant pour le challenge \u00ab&nbsp;bouge ton club&nbsp;\u00bb, nos 2 \u00e9quipes mixant jeunes et moins jeunes pour l\u2019occasion, n\u2019ont pas d\u00e9m\u00e9rit\u00e9. Elles se classent 17<sup>\u00e8me<\/sup> et 24<sup>\u00e8me<\/sup> sur 43 relais class\u00e9s.<\/span> <\/p>\n<p style=\"text-align: left;\"> <span style=\"color: #3366ff;\">Aujourd\u2019hui dimanche, la journ\u00e9e d\u00e9butait par un \u00ab&nbsp;sprint&nbsp;\u00bb. Nos cadets <strong>Benoit GOMEZ, Mathis PATRON et Quentin TRICHEREAU<\/strong> r\u00e9alisent un joli tir group\u00e9&nbsp;: respectivement 28<sup>\u00e8me<\/sup>, 32<sup>\u00e8me<\/sup> et 37<sup>\u00e8me<\/sup> du classement scratch. Chez les f\u00e9minines, <strong>Myriam BERNARD<\/strong> termine 8<sup>\u00e8me<\/sup>. F\u00e9licitations \u00e9galement \u00e0 notre \u00ab&nbsp;handi&nbsp;\u00bb <strong>Rapha\u00ebl CHAUSSIN<\/strong> qui laisse 30 triathl\u00e8tes derri\u00e8re lui. Bravo !<\/span> <\/p>\n<p style=\"text-align: left;\"> <span style=\"color: #3366ff;\">Le week-end se terminait par un triathlon \u00ab&nbsp;distance olympique&nbsp;\u00bb. <strong>Serguey ZELEVOV<\/strong> animait toute la course et notamment la natation en s\u2019extirpant du lac de Tanchet avec 2\u201930 d\u2019avance sur son dauphin, le sablais Toumy DEGHAM. Les positions s\u2019inversaient apr\u00e8s le v\u00e9lo pour ne plus bouger jusqu\u2019\u00e0 l\u2019arriv\u00e9e&nbsp;; les 2 triathl\u00e8tes faisant jeu \u00e9gal en course \u00e0 pied. Steeve DEFOOR (Le Poir\u00e9 sur Vie) prend la 3<sup>\u00e8me<\/sup> place mais \u00e0 une distance respectable des duettistes. Si la 2<sup>\u00e8me<\/sup> place de Serguey \u00e9tait attendue, la 10<sup>\u00e8me<\/sup> de <strong>Pierre BERNARD<\/strong> (en photo) l\u2019\u00e9tait moins. Apr\u00e8s une tr\u00e8s bonne natation et un \u00ab&nbsp;gros v\u00e9lo&nbsp;\u00bb, Pierre r\u00e9sistait jusqu\u2019\u00e0 l\u2019arriv\u00e9e aux assauts du 3<sup>\u00e8me<\/sup> montois <strong>Benoit MERLET,<\/strong> auteur \u00e9galement d\u2019une course tr\u00e8s solide (12<sup>\u00e8me<\/sup>).<\/span> <\/p>\n<p style=\"text-align: left;\"> <span style=\"color: #3366ff;\">F\u00e9licitations \u00e0 tous les triathl\u00e8tes du Saint Jean de Monts VTA pr\u00e9sents sur le week-end&nbsp;!!! Rendez-vous \u00e0 Saint Jean le week-end prochain \u2026 pour courir et pour aider.<\/span> <\/p>\n<p style=\"text-align: left;\"> <span style=\"color: #3366ff;\"><a href=\"http:\/\/www.chronosmetron.com\/\" target=\"_blank\" rel=\"noopener noreferrer\">Les r\u00e9sultats ici<\/a><br \/><\/span> <\/p>\n<\/div><\/div>\n","protected":false},"excerpt":{"rendered":"<p>Grand week-end triathl\u00e9tique aux Sables d\u2019Olonne sur le site de Tanchet. Les jeunes avaient ouvert le bal samedi. On peut signaler la nouvelle victoire de Cl\u00e9ment FRADIN en mini-poussins et la 3\u00e8me place de Charles AZAIS dans cette m\u00eame cat\u00e9gorie. En pupilles, Mathis FRADIN monte sur la 3\u00e8me marche du podium. Dans la course en [&hellip;]<\/p>\n","protected":false},"author":1,"featured_media":0,"comment_status":"open","ping_status":"open","sticky":false,"template":"","format":"standard","meta":{"_et_pb_use_builder":"","_et_pb_old_content":"","_et_gb_content_width":"","footnotes":""},"categories":[1],"tags":[],"class_list":["post-1145","post","type-post","status-publish","format-standard","hentry","category-triathlon"],"yoast_head":"<!-- This site is optimized with the Yoast SEO plugin v26.7 - https:\/\/yoast.com\/wordpress\/plugins\/seo\/ -->\n<title>Triathlon des Sables d&#039;Olonne - Triathlon Saint Jean de Monts | Vend\u00e9e<\/title>\n<meta name=\"robots\" content=\"index, follow, max-snippet:-1, max-image-preview:large, max-video-preview:-1\" \/>\n<link rel=\"canonical\" href=\"https:\/\/triathlon-vendee.com\/triathlon-des-sables-dolonne\/\" \/>\n<meta property=\"og:locale\" content=\"fr_FR\" \/>\n<meta property=\"og:type\" content=\"article\" \/>\n<meta property=\"og:title\" content=\"Triathlon des Sables d&#039;Olonne - Triathlon Saint Jean de Monts | Vend\u00e9e\" \/>\n<meta property=\"og:description\" content=\"Grand week-end triathl\u00e9tique aux Sables d\u2019Olonne sur le site de Tanchet. Les jeunes avaient ouvert le bal samedi. On peut signaler la nouvelle victoire de Cl\u00e9ment FRADIN en mini-poussins et la 3\u00e8me place de Charles AZAIS dans cette m\u00eame cat\u00e9gorie. En pupilles, Mathis FRADIN monte sur la 3\u00e8me marche du podium. Dans la course en [&hellip;]\" \/>\n<meta property=\"og:url\" content=\"https:\/\/triathlon-vendee.com\/triathlon-des-sables-dolonne\/\" \/>\n<meta property=\"og:site_name\" content=\"Triathlon Saint Jean de Monts | Vend\u00e9e\" \/>\n<meta property=\"article:published_time\" content=\"2011-06-19T18:44:00+00:00\" \/>\n<meta property=\"og:image\" content=\"http:\/\/img.over-blog.com\/199x300\/0\/29\/97\/54\/DSC09491.JPG\" \/>\n<meta name=\"author\" content=\"admin-triathlon\" \/>\n<meta name=\"twitter:card\" content=\"summary_large_image\" \/>\n<meta name=\"twitter:label1\" content=\"\u00c9crit par\" \/>\n\t<meta name=\"twitter:data1\" content=\"admin-triathlon\" \/>\n\t<meta name=\"twitter:label2\" content=\"Dur\u00e9e de lecture estim\u00e9e\" \/>\n\t<meta name=\"twitter:data2\" content=\"2 minutes\" \/>\n<script type=\"application\/ld+json\" class=\"yoast-schema-graph\">{\"@context\":\"https:\/\/schema.org\",\"@graph\":[{\"@type\":\"Article\",\"@id\":\"https:\/\/triathlon-vendee.com\/triathlon-des-sables-dolonne\/#article\",\"isPartOf\":{\"@id\":\"https:\/\/triathlon-vendee.com\/triathlon-des-sables-dolonne\/\"},\"author\":{\"name\":\"admin-triathlon\",\"@id\":\"https:\/\/triathlon-vendee.com\/#\/schema\/person\/c5a5e3f339b62db4c29bf6f5bbdf5ded\"},\"headline\":\"Triathlon des Sables d&rsquo;Olonne\",\"datePublished\":\"2011-06-19T18:44:00+00:00\",\"mainEntityOfPage\":{\"@id\":\"https:\/\/triathlon-vendee.com\/triathlon-des-sables-dolonne\/\"},\"wordCount\":333,\"commentCount\":0,\"image\":{\"@id\":\"https:\/\/triathlon-vendee.com\/triathlon-des-sables-dolonne\/#primaryimage\"},\"thumbnailUrl\":\"http:\/\/img.over-blog.com\/199x300\/0\/29\/97\/54\/DSC09491.JPG\",\"articleSection\":[\"Triathlon\"],\"inLanguage\":\"fr-FR\",\"potentialAction\":[{\"@type\":\"CommentAction\",\"name\":\"Comment\",\"target\":[\"https:\/\/triathlon-vendee.com\/triathlon-des-sables-dolonne\/#respond\"]}]},{\"@type\":\"WebPage\",\"@id\":\"https:\/\/triathlon-vendee.com\/triathlon-des-sables-dolonne\/\",\"url\":\"https:\/\/triathlon-vendee.com\/triathlon-des-sables-dolonne\/\",\"name\":\"Triathlon des Sables d'Olonne - Triathlon Saint Jean de Monts | Vend\u00e9e\",\"isPartOf\":{\"@id\":\"https:\/\/triathlon-vendee.com\/#website\"},\"primaryImageOfPage\":{\"@id\":\"https:\/\/triathlon-vendee.com\/triathlon-des-sables-dolonne\/#primaryimage\"},\"image\":{\"@id\":\"https:\/\/triathlon-vendee.com\/triathlon-des-sables-dolonne\/#primaryimage\"},\"thumbnailUrl\":\"http:\/\/img.over-blog.com\/199x300\/0\/29\/97\/54\/DSC09491.JPG\",\"datePublished\":\"2011-06-19T18:44:00+00:00\",\"author\":{\"@id\":\"https:\/\/triathlon-vendee.com\/#\/schema\/person\/c5a5e3f339b62db4c29bf6f5bbdf5ded\"},\"breadcrumb\":{\"@id\":\"https:\/\/triathlon-vendee.com\/triathlon-des-sables-dolonne\/#breadcrumb\"},\"inLanguage\":\"fr-FR\",\"potentialAction\":[{\"@type\":\"ReadAction\",\"target\":[\"https:\/\/triathlon-vendee.com\/triathlon-des-sables-dolonne\/\"]}]},{\"@type\":\"ImageObject\",\"inLanguage\":\"fr-FR\",\"@id\":\"https:\/\/triathlon-vendee.com\/triathlon-des-sables-dolonne\/#primaryimage\",\"url\":\"http:\/\/img.over-blog.com\/199x300\/0\/29\/97\/54\/DSC09491.JPG\",\"contentUrl\":\"http:\/\/img.over-blog.com\/199x300\/0\/29\/97\/54\/DSC09491.JPG\"},{\"@type\":\"BreadcrumbList\",\"@id\":\"https:\/\/triathlon-vendee.com\/triathlon-des-sables-dolonne\/#breadcrumb\",\"itemListElement\":[{\"@type\":\"ListItem\",\"position\":1,\"name\":\"Accueil\",\"item\":\"https:\/\/triathlon-vendee.com\/\"},{\"@type\":\"ListItem\",\"position\":2,\"name\":\"Triathlon\",\"item\":\"https:\/\/triathlon-vendee.com\/category\/triathlon\/\"},{\"@type\":\"ListItem\",\"position\":3,\"name\":\"Triathlon des Sables d&rsquo;Olonne\"}]},{\"@type\":\"WebSite\",\"@id\":\"https:\/\/triathlon-vendee.com\/#website\",\"url\":\"https:\/\/triathlon-vendee.com\/\",\"name\":\"Triathlon Saint Jean de Monts | Vend\u00e9e\",\"description\":\"Club de Triathlon \u00e0 Saint Jean de Monts, en Vend\u00e9e\",\"potentialAction\":[{\"@type\":\"SearchAction\",\"target\":{\"@type\":\"EntryPoint\",\"urlTemplate\":\"https:\/\/triathlon-vendee.com\/?s={search_term_string}\"},\"query-input\":{\"@type\":\"PropertyValueSpecification\",\"valueRequired\":true,\"valueName\":\"search_term_string\"}}],\"inLanguage\":\"fr-FR\"},{\"@type\":\"Person\",\"@id\":\"https:\/\/triathlon-vendee.com\/#\/schema\/person\/c5a5e3f339b62db4c29bf6f5bbdf5ded\",\"name\":\"admin-triathlon\",\"image\":{\"@type\":\"ImageObject\",\"inLanguage\":\"fr-FR\",\"@id\":\"https:\/\/triathlon-vendee.com\/#\/schema\/person\/image\/\",\"url\":\"https:\/\/secure.gravatar.com\/avatar\/b7e7818f3bc4056d29730c8b49b56e37487cafa62e85d34ee719e66093981a2f?s=96&d=mm&r=g\",\"contentUrl\":\"https:\/\/secure.gravatar.com\/avatar\/b7e7818f3bc4056d29730c8b49b56e37487cafa62e85d34ee719e66093981a2f?s=96&d=mm&r=g\",\"caption\":\"admin-triathlon\"},\"url\":\"https:\/\/triathlon-vendee.com\/author\/admin-triathlon\/\"}]}<\/script>\n<!-- \/ Yoast SEO plugin. -->","yoast_head_json":{"title":"Triathlon des Sables d'Olonne - Triathlon Saint Jean de Monts | Vend\u00e9e","robots":{"index":"index","follow":"follow","max-snippet":"max-snippet:-1","max-image-preview":"max-image-preview:large","max-video-preview":"max-video-preview:-1"},"canonical":"https:\/\/triathlon-vendee.com\/triathlon-des-sables-dolonne\/","og_locale":"fr_FR","og_type":"article","og_title":"Triathlon des Sables d'Olonne - Triathlon Saint Jean de Monts | Vend\u00e9e","og_description":"Grand week-end triathl\u00e9tique aux Sables d\u2019Olonne sur le site de Tanchet. Les jeunes avaient ouvert le bal samedi. On peut signaler la nouvelle victoire de Cl\u00e9ment FRADIN en mini-poussins et la 3\u00e8me place de Charles AZAIS dans cette m\u00eame cat\u00e9gorie. En pupilles, Mathis FRADIN monte sur la 3\u00e8me marche du podium. Dans la course en [&hellip;]","og_url":"https:\/\/triathlon-vendee.com\/triathlon-des-sables-dolonne\/","og_site_name":"Triathlon Saint Jean de Monts | Vend\u00e9e","article_published_time":"2011-06-19T18:44:00+00:00","og_image":[{"url":"http:\/\/img.over-blog.com\/199x300\/0\/29\/97\/54\/DSC09491.JPG","type":"","width":"","height":""}],"author":"admin-triathlon","twitter_card":"summary_large_image","twitter_misc":{"\u00c9crit par":"admin-triathlon","Dur\u00e9e de lecture estim\u00e9e":"2 minutes"},"schema":{"@context":"https:\/\/schema.org","@graph":[{"@type":"Article","@id":"https:\/\/triathlon-vendee.com\/triathlon-des-sables-dolonne\/#article","isPartOf":{"@id":"https:\/\/triathlon-vendee.com\/triathlon-des-sables-dolonne\/"},"author":{"name":"admin-triathlon","@id":"https:\/\/triathlon-vendee.com\/#\/schema\/person\/c5a5e3f339b62db4c29bf6f5bbdf5ded"},"headline":"Triathlon des Sables d&rsquo;Olonne","datePublished":"2011-06-19T18:44:00+00:00","mainEntityOfPage":{"@id":"https:\/\/triathlon-vendee.com\/triathlon-des-sables-dolonne\/"},"wordCount":333,"commentCount":0,"image":{"@id":"https:\/\/triathlon-vendee.com\/triathlon-des-sables-dolonne\/#primaryimage"},"thumbnailUrl":"http:\/\/img.over-blog.com\/199x300\/0\/29\/97\/54\/DSC09491.JPG","articleSection":["Triathlon"],"inLanguage":"fr-FR","potentialAction":[{"@type":"CommentAction","name":"Comment","target":["https:\/\/triathlon-vendee.com\/triathlon-des-sables-dolonne\/#respond"]}]},{"@type":"WebPage","@id":"https:\/\/triathlon-vendee.com\/triathlon-des-sables-dolonne\/","url":"https:\/\/triathlon-vendee.com\/triathlon-des-sables-dolonne\/","name":"Triathlon des Sables d'Olonne - Triathlon Saint Jean de Monts | Vend\u00e9e","isPartOf":{"@id":"https:\/\/triathlon-vendee.com\/#website"},"primaryImageOfPage":{"@id":"https:\/\/triathlon-vendee.com\/triathlon-des-sables-dolonne\/#primaryimage"},"image":{"@id":"https:\/\/triathlon-vendee.com\/triathlon-des-sables-dolonne\/#primaryimage"},"thumbnailUrl":"http:\/\/img.over-blog.com\/199x300\/0\/29\/97\/54\/DSC09491.JPG","datePublished":"2011-06-19T18:44:00+00:00","author":{"@id":"https:\/\/triathlon-vendee.com\/#\/schema\/person\/c5a5e3f339b62db4c29bf6f5bbdf5ded"},"breadcrumb":{"@id":"https:\/\/triathlon-vendee.com\/triathlon-des-sables-dolonne\/#breadcrumb"},"inLanguage":"fr-FR","potentialAction":[{"@type":"ReadAction","target":["https:\/\/triathlon-vendee.com\/triathlon-des-sables-dolonne\/"]}]},{"@type":"ImageObject","inLanguage":"fr-FR","@id":"https:\/\/triathlon-vendee.com\/triathlon-des-sables-dolonne\/#primaryimage","url":"http:\/\/img.over-blog.com\/199x300\/0\/29\/97\/54\/DSC09491.JPG","contentUrl":"http:\/\/img.over-blog.com\/199x300\/0\/29\/97\/54\/DSC09491.JPG"},{"@type":"BreadcrumbList","@id":"https:\/\/triathlon-vendee.com\/triathlon-des-sables-dolonne\/#breadcrumb","itemListElement":[{"@type":"ListItem","position":1,"name":"Accueil","item":"https:\/\/triathlon-vendee.com\/"},{"@type":"ListItem","position":2,"name":"Triathlon","item":"https:\/\/triathlon-vendee.com\/category\/triathlon\/"},{"@type":"ListItem","position":3,"name":"Triathlon des Sables d&rsquo;Olonne"}]},{"@type":"WebSite","@id":"https:\/\/triathlon-vendee.com\/#website","url":"https:\/\/triathlon-vendee.com\/","name":"Triathlon Saint Jean de Monts | Vend\u00e9e","description":"Club de Triathlon \u00e0 Saint Jean de Monts, en Vend\u00e9e","potentialAction":[{"@type":"SearchAction","target":{"@type":"EntryPoint","urlTemplate":"https:\/\/triathlon-vendee.com\/?s={search_term_string}"},"query-input":{"@type":"PropertyValueSpecification","valueRequired":true,"valueName":"search_term_string"}}],"inLanguage":"fr-FR"},{"@type":"Person","@id":"https:\/\/triathlon-vendee.com\/#\/schema\/person\/c5a5e3f339b62db4c29bf6f5bbdf5ded","name":"admin-triathlon","image":{"@type":"ImageObject","inLanguage":"fr-FR","@id":"https:\/\/triathlon-vendee.com\/#\/schema\/person\/image\/","url":"https:\/\/secure.gravatar.com\/avatar\/b7e7818f3bc4056d29730c8b49b56e37487cafa62e85d34ee719e66093981a2f?s=96&d=mm&r=g","contentUrl":"https:\/\/secure.gravatar.com\/avatar\/b7e7818f3bc4056d29730c8b49b56e37487cafa62e85d34ee719e66093981a2f?s=96&d=mm&r=g","caption":"admin-triathlon"},"url":"https:\/\/triathlon-vendee.com\/author\/admin-triathlon\/"}]}},"_links":{"self":[{"href":"https:\/\/triathlon-vendee.com\/api\/wp\/v2\/posts\/1145","targetHints":{"allow":["GET"]}}],"collection":[{"href":"https:\/\/triathlon-vendee.com\/api\/wp\/v2\/posts"}],"about":[{"href":"https:\/\/triathlon-vendee.com\/api\/wp\/v2\/types\/post"}],"author":[{"embeddable":true,"href":"https:\/\/triathlon-vendee.com\/api\/wp\/v2\/users\/1"}],"replies":[{"embeddable":true,"href":"https:\/\/triathlon-vendee.com\/api\/wp\/v2\/comments?post=1145"}],"version-history":[{"count":0,"href":"https:\/\/triathlon-vendee.com\/api\/wp\/v2\/posts\/1145\/revisions"}],"wp:attachment":[{"href":"https:\/\/triathlon-vendee.com\/api\/wp\/v2\/media?parent=1145"}],"wp:term":[{"taxonomy":"category","embeddable":true,"href":"https:\/\/triathlon-vendee.com\/api\/wp\/v2\/categories?post=1145"},{"taxonomy":"post_tag","embeddable":true,"href":"https:\/\/triathlon-vendee.com\/api\/wp\/v2\/tags?post=1145"}],"curies":[{"name":"wp","href":"https:\/\/api.w.org\/{rel}","templated":true}]}}