{"id":1128,"date":"2011-07-21T09:12:00","date_gmt":"2011-07-21T07:12:00","guid":{"rendered":"https:\/\/triathlon-vendee.com\/triathlon-de-lalpe-dhuez\/"},"modified":"2011-07-21T09:12:00","modified_gmt":"2011-07-21T07:12:00","slug":"triathlon-de-lalpe-dhuez","status":"publish","type":"post","link":"https:\/\/triathlon-vendee.com\/triathlon-de-lalpe-dhuez\/","title":{"rendered":"Triathlon de l&rsquo;Alpe d&rsquo;Huez"},"content":{"rendered":"<div class=\"ob-sections\">\n<div class=\"ob-section ob-section-html\">\n<p> <span style=\"color: #3366ff;\">Voici la composition de l\u2019\u00e9quipe des <strong>\u00ab&nbsp;barbarians du triple effort*&nbsp;\u00bb<\/strong> qui iront se mesurer au mythique triathlon de l\u2019Alpe d\u2019Huez&nbsp;la semaine prochaine&nbsp; :<\/span> <\/p>\n<p> <span style=\"color: #3366ff;\">Christophe BERNARD alias <strong><em>Kris BARNARD le n\u00e9o-z\u00e9landais<\/em><\/strong><\/span> <\/p>\n<p> <span style=\"color: #3366ff;\">Alain MECHINEAU alias <strong><em>Al MECHINO le mexicain<\/em><\/strong><\/span> <\/p>\n<p> <span style=\"color: #3366ff;\">Bruno HAMARD alias <strong><em>Bruno AMARILLO l\u2019espagnol<\/em><\/strong><\/span> <\/p>\n<p> <span style=\"color: #3366ff;\" lang=\"EN-GB\">Samuel MIGADEL alias <strong><em>Sam Mac ADEL l\u2019\u00e9cossais<\/em><\/strong><\/span> <\/p>\n<p> <span style=\"color: #3366ff;\">Patrick EVEILLARD alias <strong><em>Pat O\u2019VIEILLARD l\u2019irlandais<\/em><\/strong><\/span> <\/p>\n<p> <span style=\"color: #3366ff;\">Benoit MERLET alias <strong><em>Ben MARLEY le jama\u00efquain<\/em><\/strong><\/span> <\/p>\n<p> <span style=\"color: #3366ff;\">Julien MOREAU alias <strong><em>Julian MORROW l\u2019australien<\/em><\/strong><\/span> <\/p>\n<p> <span style=\"color: #3366ff;\">Karl PENISSON alias <strong><em>CARLO PENISSINI l\u2019italien<\/em><\/strong><\/span> <\/p>\n<p> <span style=\"color: #3366ff;\">Etienne DECREAU alias <strong><em>Etienne DUCROC le qu\u00e9b\u00e9cois<\/em><\/strong><\/span> <\/p>\n<p> <span style=\"color: #3366ff;\">C\u00e9dric PENAUD alias <strong><em>C\u00e9drik PENOK le hongrois<\/em><\/strong><\/span> <\/p>\n<p> <span style=\"color: #3366ff;\">&nbsp;Au programme&nbsp;: l\u2019eau froide du lac de Vaujany en entr\u00e9e, les 21 virages de la mont\u00e9e de l\u2019Alpe (8,1 % sur 14 km) en plat principal et le manque d\u2019oxyg\u00e8ne de la course \u00e0 pied en altitude (1850 m) pour le dessert&nbsp;!!!<\/span> <\/p>\n<p class=\"MsoBodyText\"> <span style=\"color: #3366ff;\"><em><span style=\"font-size: 10pt;\">* Barbarians Triathlon Club&nbsp;: Comme leurs cousins rugbyman, c\u2019est une \u00e9quipe cosmopolite anim\u00e9e d\u2019un esprit ouvert, offensif,&nbsp; fait de spontan\u00e9it\u00e9 et de risque, ou la victoire, bien que recherch\u00e9e, n\u2019est pas une finalit\u00e9.<\/span><\/em><\/span> <\/p>\n<p class=\"MsoBodyText\"> <em><span style=\"font-size: 10pt;\"><img loading=\"lazy\" decoding=\"async\" src=\"http:\/\/img.over-blog.com\/500x102\/0\/29\/97\/54\/anim-top.gif\" class=\"noAlign\" alt=\"anim-top\" width=\"349\" height=\"71\"><br \/><\/span><\/em> <\/p>\n<\/div><\/div>\n","protected":false},"excerpt":{"rendered":"<p>Voici la composition de l\u2019\u00e9quipe des \u00ab&nbsp;barbarians du triple effort*&nbsp;\u00bb qui iront se mesurer au mythique triathlon de l\u2019Alpe d\u2019Huez&nbsp;la semaine prochaine&nbsp; : Christophe BERNARD alias Kris BARNARD le n\u00e9o-z\u00e9landais Alain MECHINEAU alias Al MECHINO le mexicain Bruno HAMARD alias Bruno AMARILLO l\u2019espagnol Samuel MIGADEL alias Sam Mac ADEL l\u2019\u00e9cossais Patrick EVEILLARD alias Pat O\u2019VIEILLARD [&hellip;]<\/p>\n","protected":false},"author":1,"featured_media":0,"comment_status":"open","ping_status":"open","sticky":false,"template":"","format":"standard","meta":{"_et_pb_use_builder":"","_et_pb_old_content":"","_et_gb_content_width":"","footnotes":""},"categories":[1],"tags":[],"class_list":["post-1128","post","type-post","status-publish","format-standard","hentry","category-triathlon"],"yoast_head":"<!-- This site is optimized with the Yoast SEO plugin v26.7 - https:\/\/yoast.com\/wordpress\/plugins\/seo\/ -->\n<title>Triathlon de l&#039;Alpe d&#039;Huez - Triathlon Saint Jean de Monts | Vend\u00e9e<\/title>\n<meta name=\"robots\" content=\"index, follow, max-snippet:-1, max-image-preview:large, max-video-preview:-1\" \/>\n<link rel=\"canonical\" href=\"https:\/\/triathlon-vendee.com\/triathlon-de-lalpe-dhuez\/\" \/>\n<meta property=\"og:locale\" content=\"fr_FR\" \/>\n<meta property=\"og:type\" content=\"article\" \/>\n<meta property=\"og:title\" content=\"Triathlon de l&#039;Alpe d&#039;Huez - Triathlon Saint Jean de Monts | Vend\u00e9e\" \/>\n<meta property=\"og:description\" content=\"Voici la composition de l\u2019\u00e9quipe des \u00ab&nbsp;barbarians du triple effort*&nbsp;\u00bb qui iront se mesurer au mythique triathlon de l\u2019Alpe d\u2019Huez&nbsp;la semaine prochaine&nbsp; : Christophe BERNARD alias Kris BARNARD le n\u00e9o-z\u00e9landais Alain MECHINEAU alias Al MECHINO le mexicain Bruno HAMARD alias Bruno AMARILLO l\u2019espagnol Samuel MIGADEL alias Sam Mac ADEL l\u2019\u00e9cossais Patrick EVEILLARD alias Pat O\u2019VIEILLARD [&hellip;]\" \/>\n<meta property=\"og:url\" content=\"https:\/\/triathlon-vendee.com\/triathlon-de-lalpe-dhuez\/\" \/>\n<meta property=\"og:site_name\" content=\"Triathlon Saint Jean de Monts | Vend\u00e9e\" \/>\n<meta property=\"article:published_time\" content=\"2011-07-21T07:12:00+00:00\" \/>\n<meta property=\"og:image\" content=\"http:\/\/img.over-blog.com\/500x102\/0\/29\/97\/54\/anim-top.gif\" \/>\n<meta name=\"author\" content=\"admin-triathlon\" \/>\n<meta name=\"twitter:card\" content=\"summary_large_image\" \/>\n<meta name=\"twitter:label1\" content=\"\u00c9crit par\" \/>\n\t<meta name=\"twitter:data1\" content=\"admin-triathlon\" \/>\n\t<meta name=\"twitter:label2\" content=\"Dur\u00e9e de lecture estim\u00e9e\" \/>\n\t<meta name=\"twitter:data2\" content=\"1 minute\" \/>\n<script type=\"application\/ld+json\" class=\"yoast-schema-graph\">{\"@context\":\"https:\/\/schema.org\",\"@graph\":[{\"@type\":\"Article\",\"@id\":\"https:\/\/triathlon-vendee.com\/triathlon-de-lalpe-dhuez\/#article\",\"isPartOf\":{\"@id\":\"https:\/\/triathlon-vendee.com\/triathlon-de-lalpe-dhuez\/\"},\"author\":{\"name\":\"admin-triathlon\",\"@id\":\"https:\/\/triathlon-vendee.com\/#\/schema\/person\/c5a5e3f339b62db4c29bf6f5bbdf5ded\"},\"headline\":\"Triathlon de l&rsquo;Alpe d&rsquo;Huez\",\"datePublished\":\"2011-07-21T07:12:00+00:00\",\"mainEntityOfPage\":{\"@id\":\"https:\/\/triathlon-vendee.com\/triathlon-de-lalpe-dhuez\/\"},\"wordCount\":200,\"commentCount\":0,\"image\":{\"@id\":\"https:\/\/triathlon-vendee.com\/triathlon-de-lalpe-dhuez\/#primaryimage\"},\"thumbnailUrl\":\"http:\/\/img.over-blog.com\/500x102\/0\/29\/97\/54\/anim-top.gif\",\"articleSection\":[\"Triathlon\"],\"inLanguage\":\"fr-FR\",\"potentialAction\":[{\"@type\":\"CommentAction\",\"name\":\"Comment\",\"target\":[\"https:\/\/triathlon-vendee.com\/triathlon-de-lalpe-dhuez\/#respond\"]}]},{\"@type\":\"WebPage\",\"@id\":\"https:\/\/triathlon-vendee.com\/triathlon-de-lalpe-dhuez\/\",\"url\":\"https:\/\/triathlon-vendee.com\/triathlon-de-lalpe-dhuez\/\",\"name\":\"Triathlon de l'Alpe d'Huez - Triathlon Saint Jean de Monts | Vend\u00e9e\",\"isPartOf\":{\"@id\":\"https:\/\/triathlon-vendee.com\/#website\"},\"primaryImageOfPage\":{\"@id\":\"https:\/\/triathlon-vendee.com\/triathlon-de-lalpe-dhuez\/#primaryimage\"},\"image\":{\"@id\":\"https:\/\/triathlon-vendee.com\/triathlon-de-lalpe-dhuez\/#primaryimage\"},\"thumbnailUrl\":\"http:\/\/img.over-blog.com\/500x102\/0\/29\/97\/54\/anim-top.gif\",\"datePublished\":\"2011-07-21T07:12:00+00:00\",\"author\":{\"@id\":\"https:\/\/triathlon-vendee.com\/#\/schema\/person\/c5a5e3f339b62db4c29bf6f5bbdf5ded\"},\"breadcrumb\":{\"@id\":\"https:\/\/triathlon-vendee.com\/triathlon-de-lalpe-dhuez\/#breadcrumb\"},\"inLanguage\":\"fr-FR\",\"potentialAction\":[{\"@type\":\"ReadAction\",\"target\":[\"https:\/\/triathlon-vendee.com\/triathlon-de-lalpe-dhuez\/\"]}]},{\"@type\":\"ImageObject\",\"inLanguage\":\"fr-FR\",\"@id\":\"https:\/\/triathlon-vendee.com\/triathlon-de-lalpe-dhuez\/#primaryimage\",\"url\":\"http:\/\/img.over-blog.com\/500x102\/0\/29\/97\/54\/anim-top.gif\",\"contentUrl\":\"http:\/\/img.over-blog.com\/500x102\/0\/29\/97\/54\/anim-top.gif\"},{\"@type\":\"BreadcrumbList\",\"@id\":\"https:\/\/triathlon-vendee.com\/triathlon-de-lalpe-dhuez\/#breadcrumb\",\"itemListElement\":[{\"@type\":\"ListItem\",\"position\":1,\"name\":\"Accueil\",\"item\":\"https:\/\/triathlon-vendee.com\/\"},{\"@type\":\"ListItem\",\"position\":2,\"name\":\"Triathlon\",\"item\":\"https:\/\/triathlon-vendee.com\/category\/triathlon\/\"},{\"@type\":\"ListItem\",\"position\":3,\"name\":\"Triathlon de l&rsquo;Alpe d&rsquo;Huez\"}]},{\"@type\":\"WebSite\",\"@id\":\"https:\/\/triathlon-vendee.com\/#website\",\"url\":\"https:\/\/triathlon-vendee.com\/\",\"name\":\"Triathlon Saint Jean de Monts | Vend\u00e9e\",\"description\":\"Club de Triathlon \u00e0 Saint Jean de Monts, en Vend\u00e9e\",\"potentialAction\":[{\"@type\":\"SearchAction\",\"target\":{\"@type\":\"EntryPoint\",\"urlTemplate\":\"https:\/\/triathlon-vendee.com\/?s={search_term_string}\"},\"query-input\":{\"@type\":\"PropertyValueSpecification\",\"valueRequired\":true,\"valueName\":\"search_term_string\"}}],\"inLanguage\":\"fr-FR\"},{\"@type\":\"Person\",\"@id\":\"https:\/\/triathlon-vendee.com\/#\/schema\/person\/c5a5e3f339b62db4c29bf6f5bbdf5ded\",\"name\":\"admin-triathlon\",\"image\":{\"@type\":\"ImageObject\",\"inLanguage\":\"fr-FR\",\"@id\":\"https:\/\/triathlon-vendee.com\/#\/schema\/person\/image\/\",\"url\":\"https:\/\/secure.gravatar.com\/avatar\/b7e7818f3bc4056d29730c8b49b56e37487cafa62e85d34ee719e66093981a2f?s=96&d=mm&r=g\",\"contentUrl\":\"https:\/\/secure.gravatar.com\/avatar\/b7e7818f3bc4056d29730c8b49b56e37487cafa62e85d34ee719e66093981a2f?s=96&d=mm&r=g\",\"caption\":\"admin-triathlon\"},\"url\":\"https:\/\/triathlon-vendee.com\/author\/admin-triathlon\/\"}]}<\/script>\n<!-- \/ Yoast SEO plugin. -->","yoast_head_json":{"title":"Triathlon de l'Alpe d'Huez - Triathlon Saint Jean de Monts | Vend\u00e9e","robots":{"index":"index","follow":"follow","max-snippet":"max-snippet:-1","max-image-preview":"max-image-preview:large","max-video-preview":"max-video-preview:-1"},"canonical":"https:\/\/triathlon-vendee.com\/triathlon-de-lalpe-dhuez\/","og_locale":"fr_FR","og_type":"article","og_title":"Triathlon de l'Alpe d'Huez - Triathlon Saint Jean de Monts | Vend\u00e9e","og_description":"Voici la composition de l\u2019\u00e9quipe des \u00ab&nbsp;barbarians du triple effort*&nbsp;\u00bb qui iront se mesurer au mythique triathlon de l\u2019Alpe d\u2019Huez&nbsp;la semaine prochaine&nbsp; : Christophe BERNARD alias Kris BARNARD le n\u00e9o-z\u00e9landais Alain MECHINEAU alias Al MECHINO le mexicain Bruno HAMARD alias Bruno AMARILLO l\u2019espagnol Samuel MIGADEL alias Sam Mac ADEL l\u2019\u00e9cossais Patrick EVEILLARD alias Pat O\u2019VIEILLARD [&hellip;]","og_url":"https:\/\/triathlon-vendee.com\/triathlon-de-lalpe-dhuez\/","og_site_name":"Triathlon Saint Jean de Monts | Vend\u00e9e","article_published_time":"2011-07-21T07:12:00+00:00","og_image":[{"url":"http:\/\/img.over-blog.com\/500x102\/0\/29\/97\/54\/anim-top.gif","type":"","width":"","height":""}],"author":"admin-triathlon","twitter_card":"summary_large_image","twitter_misc":{"\u00c9crit par":"admin-triathlon","Dur\u00e9e de lecture estim\u00e9e":"1 minute"},"schema":{"@context":"https:\/\/schema.org","@graph":[{"@type":"Article","@id":"https:\/\/triathlon-vendee.com\/triathlon-de-lalpe-dhuez\/#article","isPartOf":{"@id":"https:\/\/triathlon-vendee.com\/triathlon-de-lalpe-dhuez\/"},"author":{"name":"admin-triathlon","@id":"https:\/\/triathlon-vendee.com\/#\/schema\/person\/c5a5e3f339b62db4c29bf6f5bbdf5ded"},"headline":"Triathlon de l&rsquo;Alpe d&rsquo;Huez","datePublished":"2011-07-21T07:12:00+00:00","mainEntityOfPage":{"@id":"https:\/\/triathlon-vendee.com\/triathlon-de-lalpe-dhuez\/"},"wordCount":200,"commentCount":0,"image":{"@id":"https:\/\/triathlon-vendee.com\/triathlon-de-lalpe-dhuez\/#primaryimage"},"thumbnailUrl":"http:\/\/img.over-blog.com\/500x102\/0\/29\/97\/54\/anim-top.gif","articleSection":["Triathlon"],"inLanguage":"fr-FR","potentialAction":[{"@type":"CommentAction","name":"Comment","target":["https:\/\/triathlon-vendee.com\/triathlon-de-lalpe-dhuez\/#respond"]}]},{"@type":"WebPage","@id":"https:\/\/triathlon-vendee.com\/triathlon-de-lalpe-dhuez\/","url":"https:\/\/triathlon-vendee.com\/triathlon-de-lalpe-dhuez\/","name":"Triathlon de l'Alpe d'Huez - Triathlon Saint Jean de Monts | Vend\u00e9e","isPartOf":{"@id":"https:\/\/triathlon-vendee.com\/#website"},"primaryImageOfPage":{"@id":"https:\/\/triathlon-vendee.com\/triathlon-de-lalpe-dhuez\/#primaryimage"},"image":{"@id":"https:\/\/triathlon-vendee.com\/triathlon-de-lalpe-dhuez\/#primaryimage"},"thumbnailUrl":"http:\/\/img.over-blog.com\/500x102\/0\/29\/97\/54\/anim-top.gif","datePublished":"2011-07-21T07:12:00+00:00","author":{"@id":"https:\/\/triathlon-vendee.com\/#\/schema\/person\/c5a5e3f339b62db4c29bf6f5bbdf5ded"},"breadcrumb":{"@id":"https:\/\/triathlon-vendee.com\/triathlon-de-lalpe-dhuez\/#breadcrumb"},"inLanguage":"fr-FR","potentialAction":[{"@type":"ReadAction","target":["https:\/\/triathlon-vendee.com\/triathlon-de-lalpe-dhuez\/"]}]},{"@type":"ImageObject","inLanguage":"fr-FR","@id":"https:\/\/triathlon-vendee.com\/triathlon-de-lalpe-dhuez\/#primaryimage","url":"http:\/\/img.over-blog.com\/500x102\/0\/29\/97\/54\/anim-top.gif","contentUrl":"http:\/\/img.over-blog.com\/500x102\/0\/29\/97\/54\/anim-top.gif"},{"@type":"BreadcrumbList","@id":"https:\/\/triathlon-vendee.com\/triathlon-de-lalpe-dhuez\/#breadcrumb","itemListElement":[{"@type":"ListItem","position":1,"name":"Accueil","item":"https:\/\/triathlon-vendee.com\/"},{"@type":"ListItem","position":2,"name":"Triathlon","item":"https:\/\/triathlon-vendee.com\/category\/triathlon\/"},{"@type":"ListItem","position":3,"name":"Triathlon de l&rsquo;Alpe d&rsquo;Huez"}]},{"@type":"WebSite","@id":"https:\/\/triathlon-vendee.com\/#website","url":"https:\/\/triathlon-vendee.com\/","name":"Triathlon Saint Jean de Monts | Vend\u00e9e","description":"Club de Triathlon \u00e0 Saint Jean de Monts, en Vend\u00e9e","potentialAction":[{"@type":"SearchAction","target":{"@type":"EntryPoint","urlTemplate":"https:\/\/triathlon-vendee.com\/?s={search_term_string}"},"query-input":{"@type":"PropertyValueSpecification","valueRequired":true,"valueName":"search_term_string"}}],"inLanguage":"fr-FR"},{"@type":"Person","@id":"https:\/\/triathlon-vendee.com\/#\/schema\/person\/c5a5e3f339b62db4c29bf6f5bbdf5ded","name":"admin-triathlon","image":{"@type":"ImageObject","inLanguage":"fr-FR","@id":"https:\/\/triathlon-vendee.com\/#\/schema\/person\/image\/","url":"https:\/\/secure.gravatar.com\/avatar\/b7e7818f3bc4056d29730c8b49b56e37487cafa62e85d34ee719e66093981a2f?s=96&d=mm&r=g","contentUrl":"https:\/\/secure.gravatar.com\/avatar\/b7e7818f3bc4056d29730c8b49b56e37487cafa62e85d34ee719e66093981a2f?s=96&d=mm&r=g","caption":"admin-triathlon"},"url":"https:\/\/triathlon-vendee.com\/author\/admin-triathlon\/"}]}},"_links":{"self":[{"href":"https:\/\/triathlon-vendee.com\/api\/wp\/v2\/posts\/1128","targetHints":{"allow":["GET"]}}],"collection":[{"href":"https:\/\/triathlon-vendee.com\/api\/wp\/v2\/posts"}],"about":[{"href":"https:\/\/triathlon-vendee.com\/api\/wp\/v2\/types\/post"}],"author":[{"embeddable":true,"href":"https:\/\/triathlon-vendee.com\/api\/wp\/v2\/users\/1"}],"replies":[{"embeddable":true,"href":"https:\/\/triathlon-vendee.com\/api\/wp\/v2\/comments?post=1128"}],"version-history":[{"count":0,"href":"https:\/\/triathlon-vendee.com\/api\/wp\/v2\/posts\/1128\/revisions"}],"wp:attachment":[{"href":"https:\/\/triathlon-vendee.com\/api\/wp\/v2\/media?parent=1128"}],"wp:term":[{"taxonomy":"category","embeddable":true,"href":"https:\/\/triathlon-vendee.com\/api\/wp\/v2\/categories?post=1128"},{"taxonomy":"post_tag","embeddable":true,"href":"https:\/\/triathlon-vendee.com\/api\/wp\/v2\/tags?post=1128"}],"curies":[{"name":"wp","href":"https:\/\/api.w.org\/{rel}","templated":true}]}}